{"id":82624,"date":"2020-10-23T11:13:47","date_gmt":"2020-10-23T14:13:47","guid":{"rendered":"https:\/\/eldiariodesanpedro.com.ar\/sitio\/?p=82624"},"modified":"2020-10-23T11:13:52","modified_gmt":"2020-10-23T14:13:52","slug":"accidente-entre-automovil-y-motocicleta","status":"publish","type":"post","link":"https:\/\/eldiariodesanpedro.com.ar\/sitio\/accidente-entre-automovil-y-motocicleta\/","title":{"rendered":"Accidente entre autom\u00f3vil y motocicleta"},"content":{"rendered":"<!-- VideographyWP Plugin Message: Automatic video embedding prevented by plugin options. -->\n\n<p>&nbsp;Este jueves ocurri\u00f3 un accidente de tr\u00e1nsito donde una persona que circulaba en moto fue trasladada al nosocomio local al ser impactada por un autom\u00f3vil.<\/p>\n\n\n\n<p>En la tarde de ayer alrededor de las 14:30 hs por razones que se tratan de establecer en calle Salta y Obligado un autom\u00f3vil conducido por un masculino de 65 a\u00f1os colision\u00f3 con una motocicleta 110 cc en el que circulaba un joven de 18 a\u00f1os&nbsp; acompa\u00f1ado de una mujer de 29 a\u00f1os.<\/p>\n\n\n\n<p>Como consecuencia del accidente ambos ocupantes del rodado de menor porte fueron trasladados al nosocomio local por el SAME presentando lesiones leves y el conductor del otro veh\u00edculo result\u00f3 ileso.<\/p>\n","protected":false},"excerpt":{"rendered":"<p>&nbsp;Este jueves ocurri\u00f3 un accidente de tr\u00e1nsito donde una persona que circulaba en moto fue trasladada al nosocomio local al ser impactada por un autom\u00f3vil. En la tarde de ayer alrededor de las 14:30 hs por razones que se tratan de establecer en calle Salta y Obligado un autom\u00f3vil conducido por un masculino de 65 [&hellip;]<\/p>\n","protected":false},"author":4,"featured_media":79647,"comment_status":"open","ping_status":"closed","sticky":false,"template":"","format":"standard","meta":{"om_disable_all_campaigns":false,"_jetpack_memberships_contains_paid_content":false,"footnotes":""},"categories":[2,103],"tags":[],"class_list":["post-82624","post","type-post","status-publish","format-standard","has-post-thumbnail","hentry","category-locales","category-policiales-locales"],"aioseo_notices":[],"gutentor_comment":0,"jetpack_featured_media_url":"https:\/\/eldiariodesanpedro.com.ar\/sitio\/wp-content\/uploads\/2020\/08\/same.jpg","jetpack_shortlink":"https:\/\/wp.me\/p6RhLt-luE","jetpack_sharing_enabled":true,"_links":{"self":[{"href":"https:\/\/eldiariodesanpedro.com.ar\/sitio\/wp-json\/wp\/v2\/posts\/82624","targetHints":{"allow":["GET"]}}],"collection":[{"href":"https:\/\/eldiariodesanpedro.com.ar\/sitio\/wp-json\/wp\/v2\/posts"}],"about":[{"href":"https:\/\/eldiariodesanpedro.com.ar\/sitio\/wp-json\/wp\/v2\/types\/post"}],"author":[{"embeddable":true,"href":"https:\/\/eldiariodesanpedro.com.ar\/sitio\/wp-json\/wp\/v2\/users\/4"}],"replies":[{"embeddable":true,"href":"https:\/\/eldiariodesanpedro.com.ar\/sitio\/wp-json\/wp\/v2\/comments?post=82624"}],"version-history":[{"count":1,"href":"https:\/\/eldiariodesanpedro.com.ar\/sitio\/wp-json\/wp\/v2\/posts\/82624\/revisions"}],"predecessor-version":[{"id":82625,"href":"https:\/\/eldiariodesanpedro.com.ar\/sitio\/wp-json\/wp\/v2\/posts\/82624\/revisions\/82625"}],"wp:featuredmedia":[{"embeddable":true,"href":"https:\/\/eldiariodesanpedro.com.ar\/sitio\/wp-json\/wp\/v2\/media\/79647"}],"wp:attachment":[{"href":"https:\/\/eldiariodesanpedro.com.ar\/sitio\/wp-json\/wp\/v2\/media?parent=82624"}],"wp:term":[{"taxonomy":"category","embeddable":true,"href":"https:\/\/eldiariodesanpedro.com.ar\/sitio\/wp-json\/wp\/v2\/categories?post=82624"},{"taxonomy":"post_tag","embeddable":true,"href":"https:\/\/eldiariodesanpedro.com.ar\/sitio\/wp-json\/wp\/v2\/tags?post=82624"}],"curies":[{"name":"wp","href":"https:\/\/api.w.org\/{rel}","templated":true}]}}