{"id":82620,"date":"2020-10-23T11:06:38","date_gmt":"2020-10-23T14:06:38","guid":{"rendered":"https:\/\/eldiariodesanpedro.com.ar\/sitio\/?p=82620"},"modified":"2020-10-23T11:06:41","modified_gmt":"2020-10-23T14:06:41","slug":"se-secuestro-una-escopeta-en-allanamiento-por-denuncia-de-amenazas","status":"publish","type":"post","link":"https:\/\/eldiariodesanpedro.com.ar\/sitio\/se-secuestro-una-escopeta-en-allanamiento-por-denuncia-de-amenazas\/","title":{"rendered":"Se secuestro una escopeta en allanamiento por denuncia de amenazas"},"content":{"rendered":"<!-- VideographyWP Plugin Message: Automatic video embedding prevented by plugin options. -->\n\n<p>El Personal del Gabinete Criminol\u00f3gico de la Comisar\u00eda en el marco de hecho \u201camenazas agravadas\u201d que fue denunciado por una mujer mayor de edad iniciado dia anterior en la Comisaria de la Mujer y la Familia,&nbsp; estableci\u00f3 autor\u00eda y extendido allanamiento por la justicia ordinaria para domicilio de San Lorenzo y Callej\u00f3n Mataderos, sobre barrancas residencia de masculino 38 a\u00f1os, fue diligenciado arrojando resultado positivo, donde se logr\u00f3 el secuestro un arma de fuego&nbsp; escopeta recortada calibre 36,&nbsp; y cartucher\u00eda intacta de armas de fuego distintos calibre.&nbsp;<\/p>\n\n\n\n<p>Respecto del imputado, no se encontraba en el domicilio al momento de la diligencia, estado a la espera de directivas judiciales. I<\/p>\n","protected":false},"excerpt":{"rendered":"<p>El Personal del Gabinete Criminol\u00f3gico de la Comisar\u00eda en el marco de hecho \u201camenazas agravadas\u201d que fue denunciado por una mujer mayor de edad iniciado dia anterior en la Comisaria de la Mujer y la Familia,&nbsp; estableci\u00f3 autor\u00eda y extendido allanamiento por la justicia ordinaria para domicilio de San Lorenzo y Callej\u00f3n Mataderos, sobre barrancas [&hellip;]<\/p>\n","protected":false},"author":4,"featured_media":82621,"comment_status":"open","ping_status":"closed","sticky":false,"template":"","format":"standard","meta":{"om_disable_all_campaigns":false,"_jetpack_memberships_contains_paid_content":false,"footnotes":""},"categories":[2,103],"tags":[],"class_list":["post-82620","post","type-post","status-publish","format-standard","has-post-thumbnail","hentry","category-locales","category-policiales-locales"],"aioseo_notices":[],"gutentor_comment":0,"jetpack_featured_media_url":"https:\/\/eldiariodesanpedro.com.ar\/sitio\/wp-content\/uploads\/2020\/10\/Arma-secuestrada-23-de-octubre.png","jetpack_shortlink":"https:\/\/wp.me\/p6RhLt-luA","jetpack_sharing_enabled":true,"_links":{"self":[{"href":"https:\/\/eldiariodesanpedro.com.ar\/sitio\/wp-json\/wp\/v2\/posts\/82620","targetHints":{"allow":["GET"]}}],"collection":[{"href":"https:\/\/eldiariodesanpedro.com.ar\/sitio\/wp-json\/wp\/v2\/posts"}],"about":[{"href":"https:\/\/eldiariodesanpedro.com.ar\/sitio\/wp-json\/wp\/v2\/types\/post"}],"author":[{"embeddable":true,"href":"https:\/\/eldiariodesanpedro.com.ar\/sitio\/wp-json\/wp\/v2\/users\/4"}],"replies":[{"embeddable":true,"href":"https:\/\/eldiariodesanpedro.com.ar\/sitio\/wp-json\/wp\/v2\/comments?post=82620"}],"version-history":[{"count":1,"href":"https:\/\/eldiariodesanpedro.com.ar\/sitio\/wp-json\/wp\/v2\/posts\/82620\/revisions"}],"predecessor-version":[{"id":82622,"href":"https:\/\/eldiariodesanpedro.com.ar\/sitio\/wp-json\/wp\/v2\/posts\/82620\/revisions\/82622"}],"wp:featuredmedia":[{"embeddable":true,"href":"https:\/\/eldiariodesanpedro.com.ar\/sitio\/wp-json\/wp\/v2\/media\/82621"}],"wp:attachment":[{"href":"https:\/\/eldiariodesanpedro.com.ar\/sitio\/wp-json\/wp\/v2\/media?parent=82620"}],"wp:term":[{"taxonomy":"category","embeddable":true,"href":"https:\/\/eldiariodesanpedro.com.ar\/sitio\/wp-json\/wp\/v2\/categories?post=82620"},{"taxonomy":"post_tag","embeddable":true,"href":"https:\/\/eldiariodesanpedro.com.ar\/sitio\/wp-json\/wp\/v2\/tags?post=82620"}],"curies":[{"name":"wp","href":"https:\/\/api.w.org\/{rel}","templated":true}]}}