{"id":82617,"date":"2020-10-23T11:02:02","date_gmt":"2020-10-23T14:02:02","guid":{"rendered":"https:\/\/eldiariodesanpedro.com.ar\/sitio\/?p=82617"},"modified":"2020-10-23T11:02:05","modified_gmt":"2020-10-23T14:02:05","slug":"se-recupero-una-bicicleta-robada-4","status":"publish","type":"post","link":"https:\/\/eldiariodesanpedro.com.ar\/sitio\/se-recupero-una-bicicleta-robada-4\/","title":{"rendered":"Se recupero una bicicleta robada"},"content":{"rendered":"<!-- VideographyWP Plugin Message: Automatic video embedding prevented by plugin options. -->\n\n<p>En la jornada de ayer jueves la polic\u00eda de nuestra ciudad realiz\u00f3 un allanamiento para recuperar una bicicleta que fue robada d\u00edas atr\u00e1s.<\/p>\n\n\n\n<p>La tarde de ayer jueves el personal del Gabinete Criminol\u00f3gico de la comisar\u00eda de San Pedro diligenci\u00f3 una orden de allanamiento otorgada por la fiscal\u00eda de nuestra ciudad en una vivienda ubicada en calle Cruz Roja al 700 donde se pudo secuestrar una bicicleta que era buscada.<\/p>\n\n\n\n<p>El hecho que dio inicio a la investigaci\u00f3n se dio d\u00edas atr\u00e1s en una vivienda ubicada en calle Lavalle al 200 donde reside un ciudadano de 28 a\u00f1os de edad, quien realiz\u00f3 la denuncia y gracias a las c\u00e1maras de seguridad se pudo determinar la autor\u00eda del hecho.<\/p>\n\n\n\n<p>El delincuente de 29 a\u00f1os de edad hab\u00eda pintado la bicicleta tras robarla y la estaba preparando para venderla.<\/p>\n","protected":false},"excerpt":{"rendered":"<p>En la jornada de ayer jueves la polic\u00eda de nuestra ciudad realiz\u00f3 un allanamiento para recuperar una bicicleta que fue robada d\u00edas atr\u00e1s. La tarde de ayer jueves el personal del Gabinete Criminol\u00f3gico de la comisar\u00eda de San Pedro diligenci\u00f3 una orden de allanamiento otorgada por la fiscal\u00eda de nuestra ciudad en una vivienda ubicada [&hellip;]<\/p>\n","protected":false},"author":4,"featured_media":82618,"comment_status":"open","ping_status":"closed","sticky":false,"template":"","format":"standard","meta":{"om_disable_all_campaigns":false,"_jetpack_memberships_contains_paid_content":false,"footnotes":""},"categories":[2,103],"tags":[],"class_list":["post-82617","post","type-post","status-publish","format-standard","has-post-thumbnail","hentry","category-locales","category-policiales-locales"],"aioseo_notices":[],"gutentor_comment":0,"jetpack_featured_media_url":"https:\/\/eldiariodesanpedro.com.ar\/sitio\/wp-content\/uploads\/2020\/10\/Bicicleta-secuestrada.png","jetpack_shortlink":"https:\/\/wp.me\/p6RhLt-lux","jetpack_sharing_enabled":true,"_links":{"self":[{"href":"https:\/\/eldiariodesanpedro.com.ar\/sitio\/wp-json\/wp\/v2\/posts\/82617","targetHints":{"allow":["GET"]}}],"collection":[{"href":"https:\/\/eldiariodesanpedro.com.ar\/sitio\/wp-json\/wp\/v2\/posts"}],"about":[{"href":"https:\/\/eldiariodesanpedro.com.ar\/sitio\/wp-json\/wp\/v2\/types\/post"}],"author":[{"embeddable":true,"href":"https:\/\/eldiariodesanpedro.com.ar\/sitio\/wp-json\/wp\/v2\/users\/4"}],"replies":[{"embeddable":true,"href":"https:\/\/eldiariodesanpedro.com.ar\/sitio\/wp-json\/wp\/v2\/comments?post=82617"}],"version-history":[{"count":1,"href":"https:\/\/eldiariodesanpedro.com.ar\/sitio\/wp-json\/wp\/v2\/posts\/82617\/revisions"}],"predecessor-version":[{"id":82619,"href":"https:\/\/eldiariodesanpedro.com.ar\/sitio\/wp-json\/wp\/v2\/posts\/82617\/revisions\/82619"}],"wp:featuredmedia":[{"embeddable":true,"href":"https:\/\/eldiariodesanpedro.com.ar\/sitio\/wp-json\/wp\/v2\/media\/82618"}],"wp:attachment":[{"href":"https:\/\/eldiariodesanpedro.com.ar\/sitio\/wp-json\/wp\/v2\/media?parent=82617"}],"wp:term":[{"taxonomy":"category","embeddable":true,"href":"https:\/\/eldiariodesanpedro.com.ar\/sitio\/wp-json\/wp\/v2\/categories?post=82617"},{"taxonomy":"post_tag","embeddable":true,"href":"https:\/\/eldiariodesanpedro.com.ar\/sitio\/wp-json\/wp\/v2\/tags?post=82617"}],"curies":[{"name":"wp","href":"https:\/\/api.w.org\/{rel}","templated":true}]}}