{"id":82614,"date":"2020-10-23T10:36:02","date_gmt":"2020-10-23T13:36:02","guid":{"rendered":"https:\/\/eldiariodesanpedro.com.ar\/sitio\/?p=82614"},"modified":"2020-10-23T10:36:07","modified_gmt":"2020-10-23T13:36:07","slug":"hoy-se-cumplen-5-anos-del-hallazgo-del-republicano","status":"publish","type":"post","link":"https:\/\/eldiariodesanpedro.com.ar\/sitio\/hoy-se-cumplen-5-anos-del-hallazgo-del-republicano\/","title":{"rendered":"Hoy se cumplen 5 a\u00f1os del hallazgo del \u00abRepublicano\u00bb"},"content":{"rendered":"<!-- VideographyWP Plugin Message: Automatic video embedding prevented by plugin options. -->\n\n<p>Un d\u00eda como hoy, hace 5 a\u00f1os, de forma casual, vimos con un sonar al \u00abRepublicano\u00bb, hundido frente a Obligado. El viejo guerrero duerme su sue\u00f1o eterno desde el 20 de noviembre de 1845, luego de haber combatido glorioso en la batalla de Obligado.<\/p>\n\n\n\n<p>Lo informamos a los organismos pertinentes, lo declaramos en acta p\u00fablica frente a un escribano, lo presentamos con autoridades municipales, de defensa, instituciones p\u00fablicas, etc. Dimos toda la informaci\u00f3n a la Armada y ellos a los organismos pertinentes. <\/p>\n\n\n\n<p>Ubicaci\u00f3n GPS, todo&#8230;.Nada sirvi\u00f3. Nos denunciaron por actuar sin permiso y paralizaron el hallazgo. Si no soy yo, vos tampoco. Esa era la premisa. San Pedro y el pa\u00eds, se perdieron de tener un gran bien cultural, un gran atractivo tur\u00edstico. Y hasta hoy, a 5 a\u00f1os, todo sigue en nada.<\/p>\n\n\n\n<p>Si no soy yo, vos tampoco. Quedamos solos, fuimos bastardeados, juzgados, despreciados, ninguneados. No importa&#8230;.el barco est\u00e1 ah\u00ed. Bah&#8230;est\u00e1 ah\u00ed si alg\u00fan arenero con su chupador no lo ha ido rompiendo. Porque a nosotros nos paralizaron pero siguen dando permisos de extracci\u00f3n de arena sobre un naufragio hist\u00f3rico. Eso no lo ve nadie. A nadie le importa. Solo importaba paralizar al grupo de salames locales que hicieron un gran descubrimiento. Si no soy yo, vos tampoco. <\/p>\n\n\n\n<p>Que sirva este aniversario para dejar tanta estupidez (y kioscos) atr\u00e1s, y de una vez por todas entendamos que si los sampedrinos (y los argentinos, en general) no avanzamos todos juntos en las cosas que nos brindan posibilidades de crecer, de conocer, de educarnos&#8230;vamos por el rumbo equivocado y no nos sirve como sociedad. Basta de \u00abRepublicanos\u00bb&#8230;(Aclaro que no tengo ni hablo desde color pol\u00edtico alguno. Hablo de otro nivel. Hablo de no dejarnos tapar por el agua del ego\u00edsmo, las mesquindades y las malas intenciones)<\/p>\n","protected":false},"excerpt":{"rendered":"<p>Un d\u00eda como hoy, hace 5 a\u00f1os, de forma casual, vimos con un sonar al \u00abRepublicano\u00bb, hundido frente a Obligado. El viejo guerrero duerme su sue\u00f1o eterno desde el 20 de noviembre de 1845, luego de haber combatido glorioso en la batalla de Obligado. Lo informamos a los organismos pertinentes, lo declaramos en acta p\u00fablica [&hellip;]<\/p>\n","protected":false},"author":4,"featured_media":82615,"comment_status":"open","ping_status":"closed","sticky":false,"template":"","format":"standard","meta":{"om_disable_all_campaigns":false,"_jetpack_memberships_contains_paid_content":false,"footnotes":""},"categories":[101,2],"tags":[],"class_list":["post-82614","post","type-post","status-publish","format-standard","has-post-thumbnail","hentry","category-interes-general-locales","category-locales"],"aioseo_notices":[],"gutentor_comment":0,"jetpack_featured_media_url":"https:\/\/eldiariodesanpedro.com.ar\/sitio\/wp-content\/uploads\/2020\/10\/122393856_2896039197391828_253349217680186149_n.jpg","jetpack_shortlink":"https:\/\/wp.me\/p6RhLt-luu","jetpack_sharing_enabled":true,"_links":{"self":[{"href":"https:\/\/eldiariodesanpedro.com.ar\/sitio\/wp-json\/wp\/v2\/posts\/82614","targetHints":{"allow":["GET"]}}],"collection":[{"href":"https:\/\/eldiariodesanpedro.com.ar\/sitio\/wp-json\/wp\/v2\/posts"}],"about":[{"href":"https:\/\/eldiariodesanpedro.com.ar\/sitio\/wp-json\/wp\/v2\/types\/post"}],"author":[{"embeddable":true,"href":"https:\/\/eldiariodesanpedro.com.ar\/sitio\/wp-json\/wp\/v2\/users\/4"}],"replies":[{"embeddable":true,"href":"https:\/\/eldiariodesanpedro.com.ar\/sitio\/wp-json\/wp\/v2\/comments?post=82614"}],"version-history":[{"count":1,"href":"https:\/\/eldiariodesanpedro.com.ar\/sitio\/wp-json\/wp\/v2\/posts\/82614\/revisions"}],"predecessor-version":[{"id":82616,"href":"https:\/\/eldiariodesanpedro.com.ar\/sitio\/wp-json\/wp\/v2\/posts\/82614\/revisions\/82616"}],"wp:featuredmedia":[{"embeddable":true,"href":"https:\/\/eldiariodesanpedro.com.ar\/sitio\/wp-json\/wp\/v2\/media\/82615"}],"wp:attachment":[{"href":"https:\/\/eldiariodesanpedro.com.ar\/sitio\/wp-json\/wp\/v2\/media?parent=82614"}],"wp:term":[{"taxonomy":"category","embeddable":true,"href":"https:\/\/eldiariodesanpedro.com.ar\/sitio\/wp-json\/wp\/v2\/categories?post=82614"},{"taxonomy":"post_tag","embeddable":true,"href":"https:\/\/eldiariodesanpedro.com.ar\/sitio\/wp-json\/wp\/v2\/tags?post=82614"}],"curies":[{"name":"wp","href":"https:\/\/api.w.org\/{rel}","templated":true}]}}