{"id":82584,"date":"2020-10-22T11:43:41","date_gmt":"2020-10-22T14:43:41","guid":{"rendered":"https:\/\/eldiariodesanpedro.com.ar\/sitio\/?p=82584"},"modified":"2020-10-22T11:43:45","modified_gmt":"2020-10-22T14:43:45","slug":"secuestran-motocicleta-con-numero-de-motor-adulterado","status":"publish","type":"post","link":"https:\/\/eldiariodesanpedro.com.ar\/sitio\/secuestran-motocicleta-con-numero-de-motor-adulterado\/","title":{"rendered":"Secuestran motocicleta con numero de motor adulterado"},"content":{"rendered":"<!-- VideographyWP Plugin Message: Automatic video embedding prevented by plugin options. -->\n\n<p>La polic\u00eda del CPR recuper\u00f3 una motocicleta que presentaba la numeraci\u00f3n de motor adulterada y se aprehendi\u00f3 a sus ocupantes.<\/p>\n\n\n\n<p>En la tarde de este mi\u00e9rcoles dos personas que circulaban por ruta 1001 km 8 fueron interceptados por un patrullero de la Polic\u00eda Rural que al revisar el n\u00famero de motor se encontr\u00f3 que el mismo estaba adulterado por lo que decidieron secuestrar el veh\u00edculo y aprender a las dos personas de 35 y 36 a\u00f1os por encubrimiento.<\/p>\n\n\n\n<p>Ambas personas y el rodado fueron trasladados a la comisar\u00eda local donde tras recaudos legales recuperaron la libertad.<\/p>\n","protected":false},"excerpt":{"rendered":"<p>La polic\u00eda del CPR recuper\u00f3 una motocicleta que presentaba la numeraci\u00f3n de motor adulterada y se aprehendi\u00f3 a sus ocupantes. En la tarde de este mi\u00e9rcoles dos personas que circulaban por ruta 1001 km 8 fueron interceptados por un patrullero de la Polic\u00eda Rural que al revisar el n\u00famero de motor se encontr\u00f3 que el [&hellip;]<\/p>\n","protected":false},"author":4,"featured_media":82585,"comment_status":"open","ping_status":"closed","sticky":false,"template":"","format":"standard","meta":{"om_disable_all_campaigns":false,"_jetpack_memberships_contains_paid_content":false,"footnotes":""},"categories":[2,103],"tags":[197,33,95,19],"class_list":["post-82584","post","type-post","status-publish","format-standard","has-post-thumbnail","hentry","category-locales","category-policiales-locales","tag-buenos-aires","tag-locales","tag-policiales","tag-san-pedro"],"aioseo_notices":[],"gutentor_comment":0,"jetpack_featured_media_url":"https:\/\/eldiariodesanpedro.com.ar\/sitio\/wp-content\/uploads\/2020\/10\/WhatsApp-Image-2020-10-22-at-10.28.17.jpeg","jetpack_shortlink":"https:\/\/wp.me\/p6RhLt-lu0","jetpack_sharing_enabled":true,"_links":{"self":[{"href":"https:\/\/eldiariodesanpedro.com.ar\/sitio\/wp-json\/wp\/v2\/posts\/82584","targetHints":{"allow":["GET"]}}],"collection":[{"href":"https:\/\/eldiariodesanpedro.com.ar\/sitio\/wp-json\/wp\/v2\/posts"}],"about":[{"href":"https:\/\/eldiariodesanpedro.com.ar\/sitio\/wp-json\/wp\/v2\/types\/post"}],"author":[{"embeddable":true,"href":"https:\/\/eldiariodesanpedro.com.ar\/sitio\/wp-json\/wp\/v2\/users\/4"}],"replies":[{"embeddable":true,"href":"https:\/\/eldiariodesanpedro.com.ar\/sitio\/wp-json\/wp\/v2\/comments?post=82584"}],"version-history":[{"count":1,"href":"https:\/\/eldiariodesanpedro.com.ar\/sitio\/wp-json\/wp\/v2\/posts\/82584\/revisions"}],"predecessor-version":[{"id":82586,"href":"https:\/\/eldiariodesanpedro.com.ar\/sitio\/wp-json\/wp\/v2\/posts\/82584\/revisions\/82586"}],"wp:featuredmedia":[{"embeddable":true,"href":"https:\/\/eldiariodesanpedro.com.ar\/sitio\/wp-json\/wp\/v2\/media\/82585"}],"wp:attachment":[{"href":"https:\/\/eldiariodesanpedro.com.ar\/sitio\/wp-json\/wp\/v2\/media?parent=82584"}],"wp:term":[{"taxonomy":"category","embeddable":true,"href":"https:\/\/eldiariodesanpedro.com.ar\/sitio\/wp-json\/wp\/v2\/categories?post=82584"},{"taxonomy":"post_tag","embeddable":true,"href":"https:\/\/eldiariodesanpedro.com.ar\/sitio\/wp-json\/wp\/v2\/tags?post=82584"}],"curies":[{"name":"wp","href":"https:\/\/api.w.org\/{rel}","templated":true}]}}