{"id":82581,"date":"2020-10-22T11:38:42","date_gmt":"2020-10-22T14:38:42","guid":{"rendered":"https:\/\/eldiariodesanpedro.com.ar\/sitio\/?p=82581"},"modified":"2020-10-22T11:38:43","modified_gmt":"2020-10-22T14:38:43","slug":"se-recupera-una-computadora-robada-por-un-menor","status":"publish","type":"post","link":"https:\/\/eldiariodesanpedro.com.ar\/sitio\/se-recupera-una-computadora-robada-por-un-menor\/","title":{"rendered":"Se recupera una computadora robada por un menor"},"content":{"rendered":"<!-- VideographyWP Plugin Message: Automatic video embedding prevented by plugin options. -->\n\n<p>La polic\u00eda del destacamento de R\u00edo Tala realiz\u00f3 un allanamiento donde recuper\u00f3 una computadora que hab\u00eda sido robada un d\u00eda antes.<\/p>\n\n\n\n<p>En la tarde de este mi\u00e9rcoles la polic\u00eda del destacamento tras r\u00e1pido accionar realiz\u00f3 allanamiento en una vivienda ubicado en calle Batalla del Tala al 500 donde se secuestr\u00f3 una Notebook 14 que hab\u00eda sido sustra\u00edda por un joven de 17 a\u00f1os y sustrajo sin violencia del interior de una vivienda de un conocido de 22 a\u00f1os cuando se encontraba de visita.<\/p>\n\n\n\n<p>El joven fue trasladado a la dependencia de la vecina ciudad siendo entregados a sus progenitores.<\/p>\n","protected":false},"excerpt":{"rendered":"<p>La polic\u00eda del destacamento de R\u00edo Tala realiz\u00f3 un allanamiento donde recuper\u00f3 una computadora que hab\u00eda sido robada un d\u00eda antes. En la tarde de este mi\u00e9rcoles la polic\u00eda del destacamento tras r\u00e1pido accionar realiz\u00f3 allanamiento en una vivienda ubicado en calle Batalla del Tala al 500 donde se secuestr\u00f3 una Notebook 14 que hab\u00eda [&hellip;]<\/p>\n","protected":false},"author":4,"featured_media":82582,"comment_status":"open","ping_status":"closed","sticky":false,"template":"","format":"standard","meta":{"om_disable_all_campaigns":false,"_jetpack_memberships_contains_paid_content":false,"footnotes":""},"categories":[2,103],"tags":[197,33,95],"class_list":["post-82581","post","type-post","status-publish","format-standard","has-post-thumbnail","hentry","category-locales","category-policiales-locales","tag-buenos-aires","tag-locales","tag-policiales"],"aioseo_notices":[],"gutentor_comment":0,"jetpack_featured_media_url":"https:\/\/eldiariodesanpedro.com.ar\/sitio\/wp-content\/uploads\/2020\/10\/WhatsApp-Image-2020-10-22-at-10.28.18.jpeg","jetpack_shortlink":"https:\/\/wp.me\/p6RhLt-ltX","jetpack_sharing_enabled":true,"_links":{"self":[{"href":"https:\/\/eldiariodesanpedro.com.ar\/sitio\/wp-json\/wp\/v2\/posts\/82581","targetHints":{"allow":["GET"]}}],"collection":[{"href":"https:\/\/eldiariodesanpedro.com.ar\/sitio\/wp-json\/wp\/v2\/posts"}],"about":[{"href":"https:\/\/eldiariodesanpedro.com.ar\/sitio\/wp-json\/wp\/v2\/types\/post"}],"author":[{"embeddable":true,"href":"https:\/\/eldiariodesanpedro.com.ar\/sitio\/wp-json\/wp\/v2\/users\/4"}],"replies":[{"embeddable":true,"href":"https:\/\/eldiariodesanpedro.com.ar\/sitio\/wp-json\/wp\/v2\/comments?post=82581"}],"version-history":[{"count":1,"href":"https:\/\/eldiariodesanpedro.com.ar\/sitio\/wp-json\/wp\/v2\/posts\/82581\/revisions"}],"predecessor-version":[{"id":82583,"href":"https:\/\/eldiariodesanpedro.com.ar\/sitio\/wp-json\/wp\/v2\/posts\/82581\/revisions\/82583"}],"wp:featuredmedia":[{"embeddable":true,"href":"https:\/\/eldiariodesanpedro.com.ar\/sitio\/wp-json\/wp\/v2\/media\/82582"}],"wp:attachment":[{"href":"https:\/\/eldiariodesanpedro.com.ar\/sitio\/wp-json\/wp\/v2\/media?parent=82581"}],"wp:term":[{"taxonomy":"category","embeddable":true,"href":"https:\/\/eldiariodesanpedro.com.ar\/sitio\/wp-json\/wp\/v2\/categories?post=82581"},{"taxonomy":"post_tag","embeddable":true,"href":"https:\/\/eldiariodesanpedro.com.ar\/sitio\/wp-json\/wp\/v2\/tags?post=82581"}],"curies":[{"name":"wp","href":"https:\/\/api.w.org\/{rel}","templated":true}]}}