{"id":82579,"date":"2020-10-22T11:24:49","date_gmt":"2020-10-22T14:24:49","guid":{"rendered":"https:\/\/eldiariodesanpedro.com.ar\/sitio\/?p=82579"},"modified":"2020-10-22T11:24:53","modified_gmt":"2020-10-22T14:24:53","slug":"denuncia-por-hurto-en-la-via-publica","status":"publish","type":"post","link":"https:\/\/eldiariodesanpedro.com.ar\/sitio\/denuncia-por-hurto-en-la-via-publica\/","title":{"rendered":"Denuncia por hurto en la v\u00eda p\u00fablica"},"content":{"rendered":"<!-- VideographyWP Plugin Message: Automatic video embedding prevented by plugin options. -->\n\n<p>En la jornada de este mi\u00e9rcoles se recibi\u00f3 una denuncia en la comisar\u00eda local por parte de una ciudadana que sufri\u00f3 un arrebato en la v\u00eda p\u00fablica.<\/p>\n\n\n\n<p>En la tarde de este mi\u00e9rcoles en calle Sarmiento y Obligado una mujer que caminaba por la v\u00eda p\u00fablica fue sorprendida por un delincuente que le arrebat\u00f3 una bolsa en la que llevaba documentaci\u00f3n y se dio a la fuga r\u00e1pidamente.<\/p>\n","protected":false},"excerpt":{"rendered":"<p>En la jornada de este mi\u00e9rcoles se recibi\u00f3 una denuncia en la comisar\u00eda local por parte de una ciudadana que sufri\u00f3 un arrebato en la v\u00eda p\u00fablica. En la tarde de este mi\u00e9rcoles en calle Sarmiento y Obligado una mujer que caminaba por la v\u00eda p\u00fablica fue sorprendida por un delincuente que le arrebat\u00f3 una [&hellip;]<\/p>\n","protected":false},"author":4,"featured_media":78774,"comment_status":"open","ping_status":"closed","sticky":false,"template":"","format":"standard","meta":{"om_disable_all_campaigns":false,"_jetpack_memberships_contains_paid_content":false,"footnotes":""},"categories":[2,103],"tags":[197,33,95],"class_list":["post-82579","post","type-post","status-publish","format-standard","has-post-thumbnail","hentry","category-locales","category-policiales-locales","tag-buenos-aires","tag-locales","tag-policiales"],"aioseo_notices":[],"gutentor_comment":0,"jetpack_featured_media_url":"https:\/\/eldiariodesanpedro.com.ar\/sitio\/wp-content\/uploads\/2020\/08\/Policia-de-noche-2014-695x510-1.jpg","jetpack_shortlink":"https:\/\/wp.me\/p6RhLt-ltV","jetpack_sharing_enabled":true,"_links":{"self":[{"href":"https:\/\/eldiariodesanpedro.com.ar\/sitio\/wp-json\/wp\/v2\/posts\/82579","targetHints":{"allow":["GET"]}}],"collection":[{"href":"https:\/\/eldiariodesanpedro.com.ar\/sitio\/wp-json\/wp\/v2\/posts"}],"about":[{"href":"https:\/\/eldiariodesanpedro.com.ar\/sitio\/wp-json\/wp\/v2\/types\/post"}],"author":[{"embeddable":true,"href":"https:\/\/eldiariodesanpedro.com.ar\/sitio\/wp-json\/wp\/v2\/users\/4"}],"replies":[{"embeddable":true,"href":"https:\/\/eldiariodesanpedro.com.ar\/sitio\/wp-json\/wp\/v2\/comments?post=82579"}],"version-history":[{"count":1,"href":"https:\/\/eldiariodesanpedro.com.ar\/sitio\/wp-json\/wp\/v2\/posts\/82579\/revisions"}],"predecessor-version":[{"id":82580,"href":"https:\/\/eldiariodesanpedro.com.ar\/sitio\/wp-json\/wp\/v2\/posts\/82579\/revisions\/82580"}],"wp:featuredmedia":[{"embeddable":true,"href":"https:\/\/eldiariodesanpedro.com.ar\/sitio\/wp-json\/wp\/v2\/media\/78774"}],"wp:attachment":[{"href":"https:\/\/eldiariodesanpedro.com.ar\/sitio\/wp-json\/wp\/v2\/media?parent=82579"}],"wp:term":[{"taxonomy":"category","embeddable":true,"href":"https:\/\/eldiariodesanpedro.com.ar\/sitio\/wp-json\/wp\/v2\/categories?post=82579"},{"taxonomy":"post_tag","embeddable":true,"href":"https:\/\/eldiariodesanpedro.com.ar\/sitio\/wp-json\/wp\/v2\/tags?post=82579"}],"curies":[{"name":"wp","href":"https:\/\/api.w.org\/{rel}","templated":true}]}}