{"id":82568,"date":"2020-10-22T10:40:28","date_gmt":"2020-10-22T13:40:28","guid":{"rendered":"https:\/\/eldiariodesanpedro.com.ar\/sitio\/?p=82568"},"modified":"2020-10-22T10:40:29","modified_gmt":"2020-10-22T13:40:29","slug":"se-secuestro-un-arma-tumbera-en-allanamiento-2","status":"publish","type":"post","link":"https:\/\/eldiariodesanpedro.com.ar\/sitio\/se-secuestro-un-arma-tumbera-en-allanamiento-2\/","title":{"rendered":"Se secuestr\u00f3 un arma tumbera en allanamiento"},"content":{"rendered":"<!-- VideographyWP Plugin Message: Automatic video embedding prevented by plugin options. -->\n\n<p>En la jornada de este mi\u00e9rcoles el grupo GTO perteneciente al Gabinete Criminol\u00f3gico de la comisar\u00eda local realiz\u00f3 un allanamiento en Bajo Puerto con resultado positivos.<\/p>\n\n\n\n<p>La diligencia se realiz\u00f3 por una causa de amenazas agravadas radicada dia atr\u00e1s en una vivienda ubicada en el barrio Bajo Puerto poste 28 sobre barrancas hogar de un joven de 16 a\u00f1os de edad.<\/p>\n\n\n\n<p>Como resultado del mismo dio positivo y se procedi\u00f3 al secuestro del arma de fuego fabricaci\u00f3n casera (tumbera), que en el interior se encontr\u00f3 un cartucho percutado calibre 16 y otros tres cartuchos del mismo calibre intactos.&nbsp;<\/p>\n\n\n\n<p>Respecto del menor imputado la fiscal\u00eda dispuso notificaci\u00f3n de la formaci\u00f3n de la causa quedando bajo responsabilidad de sus padres.&nbsp;La denuncia inicial fue radicada en la Comisaria de la Mujer y la Familia, el pasado d\u00eda martes, que diera lugar a la diligencia judicial.&nbsp;&nbsp;<\/p>\n","protected":false},"excerpt":{"rendered":"<p>En la jornada de este mi\u00e9rcoles el grupo GTO perteneciente al Gabinete Criminol\u00f3gico de la comisar\u00eda local realiz\u00f3 un allanamiento en Bajo Puerto con resultado positivos. La diligencia se realiz\u00f3 por una causa de amenazas agravadas radicada dia atr\u00e1s en una vivienda ubicada en el barrio Bajo Puerto poste 28 sobre barrancas hogar de un [&hellip;]<\/p>\n","protected":false},"author":4,"featured_media":82569,"comment_status":"open","ping_status":"closed","sticky":false,"template":"","format":"standard","meta":{"om_disable_all_campaigns":false,"_jetpack_memberships_contains_paid_content":false,"footnotes":""},"categories":[2,103],"tags":[197,33,95,19],"class_list":["post-82568","post","type-post","status-publish","format-standard","has-post-thumbnail","hentry","category-locales","category-policiales-locales","tag-buenos-aires","tag-locales","tag-policiales","tag-san-pedro"],"aioseo_notices":[],"gutentor_comment":0,"jetpack_featured_media_url":"https:\/\/eldiariodesanpedro.com.ar\/sitio\/wp-content\/uploads\/2020\/10\/WhatsApp-Image-2020-10-22-at-10.27.59.jpeg","jetpack_shortlink":"https:\/\/wp.me\/p6RhLt-ltK","jetpack_sharing_enabled":true,"_links":{"self":[{"href":"https:\/\/eldiariodesanpedro.com.ar\/sitio\/wp-json\/wp\/v2\/posts\/82568","targetHints":{"allow":["GET"]}}],"collection":[{"href":"https:\/\/eldiariodesanpedro.com.ar\/sitio\/wp-json\/wp\/v2\/posts"}],"about":[{"href":"https:\/\/eldiariodesanpedro.com.ar\/sitio\/wp-json\/wp\/v2\/types\/post"}],"author":[{"embeddable":true,"href":"https:\/\/eldiariodesanpedro.com.ar\/sitio\/wp-json\/wp\/v2\/users\/4"}],"replies":[{"embeddable":true,"href":"https:\/\/eldiariodesanpedro.com.ar\/sitio\/wp-json\/wp\/v2\/comments?post=82568"}],"version-history":[{"count":1,"href":"https:\/\/eldiariodesanpedro.com.ar\/sitio\/wp-json\/wp\/v2\/posts\/82568\/revisions"}],"predecessor-version":[{"id":82570,"href":"https:\/\/eldiariodesanpedro.com.ar\/sitio\/wp-json\/wp\/v2\/posts\/82568\/revisions\/82570"}],"wp:featuredmedia":[{"embeddable":true,"href":"https:\/\/eldiariodesanpedro.com.ar\/sitio\/wp-json\/wp\/v2\/media\/82569"}],"wp:attachment":[{"href":"https:\/\/eldiariodesanpedro.com.ar\/sitio\/wp-json\/wp\/v2\/media?parent=82568"}],"wp:term":[{"taxonomy":"category","embeddable":true,"href":"https:\/\/eldiariodesanpedro.com.ar\/sitio\/wp-json\/wp\/v2\/categories?post=82568"},{"taxonomy":"post_tag","embeddable":true,"href":"https:\/\/eldiariodesanpedro.com.ar\/sitio\/wp-json\/wp\/v2\/tags?post=82568"}],"curies":[{"name":"wp","href":"https:\/\/api.w.org\/{rel}","templated":true}]}}