{"id":82559,"date":"2020-10-22T10:01:07","date_gmt":"2020-10-22T13:01:07","guid":{"rendered":"https:\/\/eldiariodesanpedro.com.ar\/sitio\/?p=82559"},"modified":"2020-10-22T10:01:11","modified_gmt":"2020-10-22T13:01:11","slug":"la-ddi-recupero-la-camioneta-que-un-hombre-robo-a-su-ex-pareja","status":"publish","type":"post","link":"https:\/\/eldiariodesanpedro.com.ar\/sitio\/la-ddi-recupero-la-camioneta-que-un-hombre-robo-a-su-ex-pareja\/","title":{"rendered":"La DDI recupero la camioneta que un hombre robo a su ex pareja"},"content":{"rendered":"<!-- VideographyWP Plugin Message: Automatic video embedding prevented by plugin options. -->\n\n<p>En la jornada de ayer el personal de la DDI de San Pedro &#8211; Baradero realizo dos allanamientos en dos domicilios para dar con el paradero de una camioneta <a href=\"https:\/\/eldiariodesanpedro.com.ar\/sitio\/tiene-perimetral-ingreso-a-la-vivienda-y-se-robo-una-camioneta-de-su-ex-pareja\/\">Toyota Hilux cabina simple que pertenecer\u00eda a una mujer de 40 a\u00f1os quien denuncio que su ex pareja de 45 a\u00f1os ingreso a su domicilio ilegalmente rompi\u00f3 el port\u00f3n del garaje y se llevo el rodado<\/a>.<\/p>\n\n\n\n<p>El grupo de la DDI realizo dos allanamientos en una vivienda ubicada en calle Honorio Pueyrred\u00f3n al 1400 donde reside el hombre en cuesti\u00f3n y en la casa de un amigo del agresor que se encuentra en Villa Lolita donde se pudo dar con el rodado.<\/p>\n\n\n\n<p>Recordemos que la ex pareja tenia restricci\u00f3n perimetral de 500 metros y esta persona realizo desobediencia por lo que tambi\u00e9n ers buscado por la polic\u00eda. <\/p>\n\n\n\n<p><\/p>\n","protected":false},"excerpt":{"rendered":"<p>En la jornada de ayer el personal de la DDI de San Pedro &#8211; Baradero realizo dos allanamientos en dos domicilios para dar con el paradero de una camioneta Toyota Hilux cabina simple que pertenecer\u00eda a una mujer de 40 a\u00f1os quien denuncio que su ex pareja de 45 a\u00f1os ingreso a su domicilio ilegalmente [&hellip;]<\/p>\n","protected":false},"author":4,"featured_media":82560,"comment_status":"open","ping_status":"closed","sticky":false,"template":"","format":"standard","meta":{"om_disable_all_campaigns":false,"_jetpack_memberships_contains_paid_content":false,"footnotes":""},"categories":[50,2,103],"tags":[197,696,33,95],"class_list":["post-82559","post","type-post","status-publish","format-standard","has-post-thumbnail","hentry","category-destacadas","category-locales","category-policiales-locales","tag-buenos-aires","tag-interes-general","tag-locales","tag-policiales"],"aioseo_notices":[],"gutentor_comment":0,"jetpack_featured_media_url":"https:\/\/eldiariodesanpedro.com.ar\/sitio\/wp-content\/uploads\/2020\/10\/WhatsApp-Image-2020-10-21-at-6.42.31-PM.jpeg","jetpack_shortlink":"https:\/\/wp.me\/p6RhLt-ltB","jetpack_sharing_enabled":true,"_links":{"self":[{"href":"https:\/\/eldiariodesanpedro.com.ar\/sitio\/wp-json\/wp\/v2\/posts\/82559","targetHints":{"allow":["GET"]}}],"collection":[{"href":"https:\/\/eldiariodesanpedro.com.ar\/sitio\/wp-json\/wp\/v2\/posts"}],"about":[{"href":"https:\/\/eldiariodesanpedro.com.ar\/sitio\/wp-json\/wp\/v2\/types\/post"}],"author":[{"embeddable":true,"href":"https:\/\/eldiariodesanpedro.com.ar\/sitio\/wp-json\/wp\/v2\/users\/4"}],"replies":[{"embeddable":true,"href":"https:\/\/eldiariodesanpedro.com.ar\/sitio\/wp-json\/wp\/v2\/comments?post=82559"}],"version-history":[{"count":1,"href":"https:\/\/eldiariodesanpedro.com.ar\/sitio\/wp-json\/wp\/v2\/posts\/82559\/revisions"}],"predecessor-version":[{"id":82561,"href":"https:\/\/eldiariodesanpedro.com.ar\/sitio\/wp-json\/wp\/v2\/posts\/82559\/revisions\/82561"}],"wp:featuredmedia":[{"embeddable":true,"href":"https:\/\/eldiariodesanpedro.com.ar\/sitio\/wp-json\/wp\/v2\/media\/82560"}],"wp:attachment":[{"href":"https:\/\/eldiariodesanpedro.com.ar\/sitio\/wp-json\/wp\/v2\/media?parent=82559"}],"wp:term":[{"taxonomy":"category","embeddable":true,"href":"https:\/\/eldiariodesanpedro.com.ar\/sitio\/wp-json\/wp\/v2\/categories?post=82559"},{"taxonomy":"post_tag","embeddable":true,"href":"https:\/\/eldiariodesanpedro.com.ar\/sitio\/wp-json\/wp\/v2\/tags?post=82559"}],"curies":[{"name":"wp","href":"https:\/\/api.w.org\/{rel}","templated":true}]}}