{"id":82556,"date":"2020-10-22T09:30:12","date_gmt":"2020-10-22T12:30:12","guid":{"rendered":"https:\/\/eldiariodesanpedro.com.ar\/sitio\/?p=82556"},"modified":"2020-10-22T09:30:15","modified_gmt":"2020-10-22T12:30:15","slug":"matias-ale-y-aljandro-cupito-visitaron-san-pedro-y-se-reunieron-con-el-intendente","status":"publish","type":"post","link":"https:\/\/eldiariodesanpedro.com.ar\/sitio\/matias-ale-y-aljandro-cupito-visitaron-san-pedro-y-se-reunieron-con-el-intendente\/","title":{"rendered":"Matias Al\u00e9 y Aljandro Cupito visitaron San Pedro y se reunieron con el Intendente"},"content":{"rendered":"<!-- VideographyWP Plugin Message: Automatic video embedding prevented by plugin options. -->\n\n<p>De la mano de los actores Mat\u00edas Al\u00e9 y Alejandro Cupito, la ciudad aparece como nueva alternativa para las principales compa\u00f1\u00edas del pa\u00eds. Se reunieron con las autoridades del Club Pescadores y el Intendente Salazar.<\/p>\n\n\n\n<p>Luego de evaluar distintos aspectos y observando c\u00f3mo se perfila la temporada teatral para el verano con las principales plazas impedidas de trabajar al cien por ciento, varias compa\u00f1\u00edas han puesto el ojo en ciudades del interior que podr\u00edan surgir como alternativas.<\/p>\n\n\n\n<p>Es por eso que los actores Mat\u00edas Al\u00e9 y Alejandro Cupito, acompa\u00f1ado por un grupo integrado por el abogado y socio Facundo Venencio y Marcos Klorer, entre otros, fueron recibidos por el presidente del Club Pescadores y N\u00e1utica, Pablo Vlaeminck, quien a la vez hizo de nexo para que tomaran contacto con el Intendente Cecilio Salazar.<\/p>\n\n\n\n<p>El objetivo principal y con muchas posibilidades de que se pueda concretar es que San Pedro se posicione como nueva plaza teatral teniendo en cuenta varios aspectos que por las circunstancias que estamos atravesando ser\u00eda altamente positivo para el rubro. &nbsp;&nbsp;<\/p>\n\n\n\n<p>\u201cYa he estado en San Pedro varias veces y ahora surgi\u00f3 la posibilidad de venir y desarrollar un proyecto teatral con varios actores en la ciudad\u201d, cont\u00f3 en exclusiva para San Pedro Informa, el reconocido actor Mat\u00edas Al\u00e9. &nbsp;&nbsp;<\/p>\n\n\n\n<p>\u201cVine con mi amigo y socio Alejandro Cupito, mi abogado Facundo Venencio y mi amigo Marcos (Kloker).<\/p>\n\n\n\n<p>\u201cLa idea es hacer algo en el Club de Pescadores durante el verano respetando todos los protocolos que se exigen\u201d, manifest\u00f3 el artista.<\/p>\n\n\n\n<p>Por su parte, el abogado Facundo Venencio se\u00f1al\u00f3: \u201cLa idea es hace temporada en San Pedro, visitamos el club y nos gust\u00f3. Nos reunimos con el Intendente que nos invit\u00f3 a venir y participar de la temporada en la ciudad\u201d.<\/p>\n\n\n\n<p>\u201cSan Pedro es un lugar muy lindo que est\u00e1 cerca de Rosario y Buenos Aires, creemos que la gente no va a hacer grandes distancias y va a hacer una ciudad que tendr\u00e1 un potencial inmenso de turistas y estamos para trabajar y ser parte del \u00e9xito de la temporada\u201d.<\/p>\n\n\n\n<p>El actor Alejandro Cupito expres\u00f3 que el proyecto \u201cSer\u00eda al aire libre y estamos esperando que las autoridades definan cuales son los protocolos a aplicar, pero la idea es aprovechar la playa, los espacios al aire libre y los lugares p\u00fablicos, respetando todas las medidas sanitarias\u201d.<\/p>\n\n\n\n<p>\u201cLa idea es hacer temporada de verano en San Pedro\u201d.<\/p>\n\n\n\n<p>Las distintas medidas adoptadas en las grandes plazas teatrales como Mar del Plata, por ejemplo, ha puesto en alerta al mundo art\u00edstico y seg\u00fan pudo saber este medio esta no ser\u00eda la \u00fanica propuesta que llegar\u00eda a San Pedro ya que varias compa\u00f1\u00edas habr\u00edan puesto el ojo en este punto de la provincia para llegar y ofrecer sus obras manejando otras estructuras y presupuestos.<\/p>\n\n\n\n<p>Fuente: <a href=\"https:\/\/www.sanpedroinforma.com.ar\/nota\/123746\/interes-general\/se-levanta-el-telon-proponen-a-san-pedro-como-plaza-teatral-para-el-verano.html\">San Pedro Informa<\/a><\/p>\n","protected":false},"excerpt":{"rendered":"<p>De la mano de los actores Mat\u00edas Al\u00e9 y Alejandro Cupito, la ciudad aparece como nueva alternativa para las principales compa\u00f1\u00edas del pa\u00eds. Se reunieron con las autoridades del Club Pescadores y el Intendente Salazar. Luego de evaluar distintos aspectos y observando c\u00f3mo se perfila la temporada teatral para el verano con las principales plazas [&hellip;]<\/p>\n","protected":false},"author":4,"featured_media":82557,"comment_status":"open","ping_status":"closed","sticky":false,"template":"","format":"standard","meta":{"om_disable_all_campaigns":false,"_jetpack_memberships_contains_paid_content":false,"footnotes":""},"categories":[50,101,2],"tags":[197,696,33],"class_list":["post-82556","post","type-post","status-publish","format-standard","has-post-thumbnail","hentry","category-destacadas","category-interes-general-locales","category-locales","tag-buenos-aires","tag-interes-general","tag-locales"],"aioseo_notices":[],"gutentor_comment":0,"jetpack_featured_media_url":"https:\/\/eldiariodesanpedro.com.ar\/sitio\/wp-content\/uploads\/2020\/10\/000087738.jpg","jetpack_shortlink":"https:\/\/wp.me\/p6RhLt-lty","jetpack_sharing_enabled":true,"_links":{"self":[{"href":"https:\/\/eldiariodesanpedro.com.ar\/sitio\/wp-json\/wp\/v2\/posts\/82556","targetHints":{"allow":["GET"]}}],"collection":[{"href":"https:\/\/eldiariodesanpedro.com.ar\/sitio\/wp-json\/wp\/v2\/posts"}],"about":[{"href":"https:\/\/eldiariodesanpedro.com.ar\/sitio\/wp-json\/wp\/v2\/types\/post"}],"author":[{"embeddable":true,"href":"https:\/\/eldiariodesanpedro.com.ar\/sitio\/wp-json\/wp\/v2\/users\/4"}],"replies":[{"embeddable":true,"href":"https:\/\/eldiariodesanpedro.com.ar\/sitio\/wp-json\/wp\/v2\/comments?post=82556"}],"version-history":[{"count":1,"href":"https:\/\/eldiariodesanpedro.com.ar\/sitio\/wp-json\/wp\/v2\/posts\/82556\/revisions"}],"predecessor-version":[{"id":82558,"href":"https:\/\/eldiariodesanpedro.com.ar\/sitio\/wp-json\/wp\/v2\/posts\/82556\/revisions\/82558"}],"wp:featuredmedia":[{"embeddable":true,"href":"https:\/\/eldiariodesanpedro.com.ar\/sitio\/wp-json\/wp\/v2\/media\/82557"}],"wp:attachment":[{"href":"https:\/\/eldiariodesanpedro.com.ar\/sitio\/wp-json\/wp\/v2\/media?parent=82556"}],"wp:term":[{"taxonomy":"category","embeddable":true,"href":"https:\/\/eldiariodesanpedro.com.ar\/sitio\/wp-json\/wp\/v2\/categories?post=82556"},{"taxonomy":"post_tag","embeddable":true,"href":"https:\/\/eldiariodesanpedro.com.ar\/sitio\/wp-json\/wp\/v2\/tags?post=82556"}],"curies":[{"name":"wp","href":"https:\/\/api.w.org\/{rel}","templated":true}]}}