{"id":82544,"date":"2020-10-21T10:54:25","date_gmt":"2020-10-21T13:54:25","guid":{"rendered":"https:\/\/eldiariodesanpedro.com.ar\/sitio\/?p=82544"},"modified":"2020-10-21T11:01:17","modified_gmt":"2020-10-21T14:01:17","slug":"arrecifes-la-ciudad-supero-los-1000-contagios","status":"publish","type":"post","link":"https:\/\/eldiariodesanpedro.com.ar\/sitio\/arrecifes-la-ciudad-supero-los-1000-contagios\/","title":{"rendered":"ARRECIFES | La ciudad supero los 1000 contagios"},"content":{"rendered":"<!-- VideographyWP Plugin Message: Automatic video embedding prevented by plugin options. -->\n\n<p>La Municipalidad inform\u00f3 hoy 42 nuevos contagios y se cumpli\u00f3 la predicci\u00f3n hecha en abril por el Dr. Mondino.<\/p>\n\n\n\n<p>En el mes de abril Arrecifes no ten\u00eda ning\u00fan caso de coronavirus; apenas un cuadro sospechoso y por iniciativa de una propia vecina que hab\u00eda viajado a Brasil, que result\u00f3 negativo. Por ello pareci\u00f3 exagerada la predicci\u00f3n lanzada por el secretario de Salud, Dr. Carlos Mondino, en ese momento en RADIO UNO (107.1): \u201cEn Arrecifes vamos a superar los mil casos y vamos a tener desgracias que lamentar\u201d.<\/p>\n\n\n\n<p>Pero Mondino sab\u00eda de lo que hablaba, hab\u00eda estudiado el tema, y su pron\u00f3stico se cumpli\u00f3.<\/p>\n\n\n\n<p>Nuestra ciudad lleg\u00f3 hoy a 1006 contagios desde el inicio de la pandemia y contamos con 12 arrecife\u00f1os fallecidos a causa del Covid-19.<\/p>\n\n\n\n<p><strong>Reporte oficial de la Municipalidad del martes 20\/10\/2020 a las 12:00 (textual):<\/strong><\/p>\n\n\n\n<p>La Municipalidad de Arrecifes y la Secretar\u00eda de Salud informan que a partir de los cambios en el Protocolo de diagn\u00f3stico para COVID-19 dispuesto por el gobierno de la provincia de Buenos Aires, las estad\u00edsticas en nuestra ciudad reflejan la siguiente situaci\u00f3n epidemiol\u00f3gica al d\u00eda 20 de octubre de 2020.<\/p>\n\n\n\n<p>Entre los d\u00edas domingo y lunes se diagnosticaron 42 nuevos casos positivos.<\/p>\n\n\n\n<p>Desde el inicio de la pandemia, y con los nuevos par\u00e1metros de diagn\u00f3stico (hisopados, criterio cl\u00ednico, y nexo epidemiol\u00f3gico), el partido de Arrecifes registra los casos detallados a continuaci\u00f3n:<\/p>\n\n\n\n<p>Casos activos: 285<br>Casos recuperados: 709<br>Fallecidos: 12<br>TOTALES: 1006<\/p>\n\n\n\n<p>Se informa que en el Hospital municipal se encuentran internados 19 casos confirmados para COVID-19 (9 en el Pabell\u00f3n S\u00e1nchez, 7 en Pabell\u00f3n Cl\u00ednico y 3 en Terapia Intensiva).<\/p>\n\n\n\n<p>Respecto a los hisopados realizados en nuestra ciudad, desde el inicio de la pandemia, 1238 resultaron negativos a COVID-19. Y al d\u00eda de la fecha se aguardan los resultados de 34 testeos.<\/p>\n\n\n\n<p>Fuente: <a href=\"https:\/\/arrecifesnoticias.com\/sociedad\/arrecifes-supero-los-mil-casos-de-coronavirus\/\">Arrecifes Noticias<\/a><\/p>\n","protected":false},"excerpt":{"rendered":"<p>La Municipalidad inform\u00f3 hoy 42 nuevos contagios y se cumpli\u00f3 la predicci\u00f3n hecha en abril por el Dr. Mondino. En el mes de abril Arrecifes no ten\u00eda ning\u00fan caso de coronavirus; apenas un cuadro sospechoso y por iniciativa de una propia vecina que hab\u00eda viajado a Brasil, que result\u00f3 negativo. Por ello pareci\u00f3 exagerada la [&hellip;]<\/p>\n","protected":false},"author":4,"featured_media":82549,"comment_status":"open","ping_status":"closed","sticky":false,"template":"","format":"standard","meta":{"om_disable_all_campaigns":false,"_jetpack_memberships_contains_paid_content":false,"footnotes":""},"categories":[621],"tags":[640,197,329,681],"class_list":["post-82544","post","type-post","status-publish","format-standard","has-post-thumbnail","hentry","category-regionales","tag-arrecifes","tag-buenos-aires","tag-provincia","tag-regionales"],"aioseo_notices":[],"gutentor_comment":0,"jetpack_featured_media_url":"https:\/\/eldiariodesanpedro.com.ar\/sitio\/wp-content\/uploads\/2020\/10\/Sanitizacion-2-766x510-1.jpg","jetpack_shortlink":"https:\/\/wp.me\/p6RhLt-ltm","jetpack_sharing_enabled":true,"_links":{"self":[{"href":"https:\/\/eldiariodesanpedro.com.ar\/sitio\/wp-json\/wp\/v2\/posts\/82544","targetHints":{"allow":["GET"]}}],"collection":[{"href":"https:\/\/eldiariodesanpedro.com.ar\/sitio\/wp-json\/wp\/v2\/posts"}],"about":[{"href":"https:\/\/eldiariodesanpedro.com.ar\/sitio\/wp-json\/wp\/v2\/types\/post"}],"author":[{"embeddable":true,"href":"https:\/\/eldiariodesanpedro.com.ar\/sitio\/wp-json\/wp\/v2\/users\/4"}],"replies":[{"embeddable":true,"href":"https:\/\/eldiariodesanpedro.com.ar\/sitio\/wp-json\/wp\/v2\/comments?post=82544"}],"version-history":[{"count":1,"href":"https:\/\/eldiariodesanpedro.com.ar\/sitio\/wp-json\/wp\/v2\/posts\/82544\/revisions"}],"predecessor-version":[{"id":82545,"href":"https:\/\/eldiariodesanpedro.com.ar\/sitio\/wp-json\/wp\/v2\/posts\/82544\/revisions\/82545"}],"wp:featuredmedia":[{"embeddable":true,"href":"https:\/\/eldiariodesanpedro.com.ar\/sitio\/wp-json\/wp\/v2\/media\/82549"}],"wp:attachment":[{"href":"https:\/\/eldiariodesanpedro.com.ar\/sitio\/wp-json\/wp\/v2\/media?parent=82544"}],"wp:term":[{"taxonomy":"category","embeddable":true,"href":"https:\/\/eldiariodesanpedro.com.ar\/sitio\/wp-json\/wp\/v2\/categories?post=82544"},{"taxonomy":"post_tag","embeddable":true,"href":"https:\/\/eldiariodesanpedro.com.ar\/sitio\/wp-json\/wp\/v2\/tags?post=82544"}],"curies":[{"name":"wp","href":"https:\/\/api.w.org\/{rel}","templated":true}]}}