{"id":82513,"date":"2020-10-21T10:00:52","date_gmt":"2020-10-21T13:00:52","guid":{"rendered":"https:\/\/eldiariodesanpedro.com.ar\/sitio\/?p=82513"},"modified":"2020-10-21T10:00:53","modified_gmt":"2020-10-21T13:00:53","slug":"descubren-mastil-de-un-buque-que-naufrago-hace-94-anos-en-las-costas-de-san-pedro","status":"publish","type":"post","link":"https:\/\/eldiariodesanpedro.com.ar\/sitio\/descubren-mastil-de-un-buque-que-naufrago-hace-94-anos-en-las-costas-de-san-pedro\/","title":{"rendered":"Descubren m\u00e1stil de un buque que naufrag\u00f3 hace 94 a\u00f1os en las costas de San Pedro"},"content":{"rendered":"<!-- VideographyWP Plugin Message: Automatic video embedding prevented by plugin options. -->\n\n<p>El <strong>24 de octubre de 1926<\/strong>, dos buques que navegaban el r\u00edo Paran\u00e1 en direcciones opuestas, chocaron violentamente frente a las costas de la ciudad de San Pedro.<\/p>\n\n\n\n<p>Los motivos de aquel accidente quedaron ocultos para siempre en la historia n\u00e1utica de la zona.<\/p>\n\n\n\n<p>El vapor belga \u201c<strong><em>Patagonier<\/em><\/strong>\u201d, colision\u00f3 de lleno con el buque motor argentino \u201c<strong><em>Blanca Rosita<\/em><\/strong>\u201d.<\/p>\n\n\n\n<p>En pocos minutos, seg\u00fan las cr\u00f3nicas de la \u00e9poca, el barco de bandera argentina desapareci\u00f3 bajo las marrones aguas del Paran\u00e1. Eran las nueve y media de la noche.<\/p>\n\n\n\n<p>El \u201c<em>Patagonier\u201d<\/em> llevaba maderas y extracto de quebracho. El \u201c<em>Blanca Rosita\u201d<\/em> transportaba 100 toneladas de sal. El primero navegaba bajo \u00f3rdenes del capit\u00e1n De Herdt y el pr\u00e1ctico Dami\u00e1n Gades. El segundo, bajo el mando del capit\u00e1n Guillermo Zuvir\u00eda y el pr\u00e1ctico Policarpo Vel\u00e1squez.<\/p>\n\n\n\n<p>\u201c<em>Patagonier<\/em>\u201d ven\u00eda desde Santa Fe y \u201c<em>Blanca Rosita<\/em>\u201d desde La Boca a Concepci\u00f3n del Paraguay. En el tremendo choque, muri\u00f3 el maquinista del barco argentino Pablo Rotfold, quien desapareci\u00f3 bajo las aguas junto con el buque.<\/p>\n\n\n\n<p>Estos datos fueron publicados, en aquel momento, por un diario local, \u201c<em>El Independiente<\/em>\u201d, y recopilados por el historiador sampedrino <strong>Fernando Chiodini<\/strong>.<\/p>\n\n\n\n<p>Pasaron <strong>94 a\u00f1os<\/strong> y aquel accidente qued\u00f3 en el olvido, tragado por el inmenso r\u00edo Paran\u00e1 y s\u00f3lo registrado en alguna carta n\u00e1utica o en alguna bibliograf\u00eda del tema. Ning\u00fan objeto sobrevivi\u00f3 al naufragio.<\/p>\n\n\n\n<p>Pero hace unos d\u00edas, todo cambi\u00f3. Un grupo de tres pescadores de San Pedro, levantaron de las profundidades un <strong>antiguo m\u00e1stil o percha de carga<\/strong> al que apenas pudieron subir a su embarcaci\u00f3n.<\/p>\n\n\n\n<p>Mientras pasaban su red por el fondo del r\u00edo, sintieron que \u201c<strong><em>algo grande<\/em><\/strong>\u201d se hab\u00eda enganchado en ella. A duras penas, y luego de un gran esfuerzo conjunto, observaron con asombro c\u00f3mo sal\u00eda del agua un viejo palo.<\/p>\n\n\n\n<p><strong>Hern\u00e1n Machado, Enrique Boari y Jorge Pardo<\/strong>, tres amigos que frecuentan el r\u00edo en sus salidas de pesca, hab\u00eda recuperado la pieza de madera en el mismo lugar donde, casi un siglo antes, se hab\u00eda hundido el \u201c<em>Blanca Rosita<\/em>\u201d.<\/p>\n\n\n\n<p>Una vez en la costa con el fruto de su curiosa pesca, dieron aviso al Museo Paleontol\u00f3gico de San Pedro. Al otro d\u00eda, <strong>Jos\u00e9 Luis Aguilar y Javier Saucedo<\/strong>, del museo local, se llegaron hasta el lugar para tomar conocimiento de lo sucedido.<\/p>\n\n\n\n<p>El grupo del museo de San Pedro ha puesto en valor, en los \u00faltimos a\u00f1os, diferentes naufragios ocurridos en la zona. El \u201c<em>Republicano<\/em>\u201d, el \u201c<em>Carmen Ligera<\/em>\u201d y el \u201c<em>Elgar<\/em>\u201d, son tres buques que de diferentes formas han sido ubicados y su historia difundida para conocimiento de toda la sociedad. Pero faltaba que apareciera algo del \u201c<em>Blanca Rosita<\/em>\u201d.&nbsp;&nbsp;<\/p>\n\n\n\n<p>En esta oportunidad, la celeridad del Museo interactuando con los pescadores fue fundamental y sirvi\u00f3 para poner a resguardo esta antigua pieza.<\/p>\n\n\n\n<p>Seg\u00fan la opini\u00f3n de Jos\u00e9 Luis Aguilar, fundador del Museo Paleontol\u00f3gico de San Pedro, \u201c<em>creemos que lo que estos tres amigos recuperaron del r\u00edo <strong>es un m\u00e1stil o percha de carga<\/strong> de aquel buque motor que se hundi\u00f3 en ese preciso lugar en 1926. Es un tramo de un palo de unos 5 a 6 metros de largo, de 23 cent\u00edmetros de di\u00e1metro, de madera trabajada en forma octogonal, aparentemente fabricado con un tronco de un pino o similar, ya que se pueden observar los puntos de donde part\u00edan las ramas y que a\u00fan conserva una abrazadera de hierro. Es un objeto que cuenta una historia de dolor como tantas ocurridas en la vida diaria del r\u00edo, donde los hombres se arriesgan en cumplimiento de sus tareas. <strong>Hasta hoy no hab\u00eda nada de este barco.<\/strong> <strong>Ni un solo elemento<\/strong>; por lo que este palo pasa a ser una parte importante del patrimonio hist\u00f3rico de la zona.<\/em><\/p>\n\n\n\n<p>Los tres pescadores (centro), integrantes del museo y el palo recuperado\u00a0\u00a0<\/p>\n\n\n\n<p><em>Nosotros se lo entregamos a Prefectura local para que determine, junto al organismo pertinente, cu\u00e1les son los pasos a seguir y d\u00f3nde quedar\u00e1 depositado definitivamente. Personalmente le expres\u00e9 al Sr. Prefecto que el Museo Paleontol\u00f3gico <strong>desea ser el depositario<\/strong> de este interesante fragmento de historia local. Hemos intentado poner en valor a todos los naufragios registrados en nuestro litoral y <strong>este es el que faltaba<\/strong>.\u201d<\/em><\/p>\n\n\n\n<figure class=\"wp-block-image size-large\"><img decoding=\"async\" width=\"1024\" height=\"683\" data-attachment-id=\"82516\" data-permalink=\"https:\/\/eldiariodesanpedro.com.ar\/sitio\/descubren-mastil-de-un-buque-que-naufrago-hace-94-anos-en-las-costas-de-san-pedro\/100_0957\/\" data-orig-file=\"https:\/\/eldiariodesanpedro.com.ar\/sitio\/wp-content\/uploads\/2020\/10\/100_0957.jpg\" data-orig-size=\"1800,1200\" data-comments-opened=\"1\" data-image-meta=\"{&quot;aperture&quot;:&quot;5.5&quot;,&quot;credit&quot;:&quot;&quot;,&quot;camera&quot;:&quot;KODAK EASYSHARE M863 DIGITAL CAMERA&quot;,&quot;caption&quot;:&quot;&quot;,&quot;created_timestamp&quot;:&quot;1602949369&quot;,&quot;copyright&quot;:&quot;&quot;,&quot;focal_length&quot;:&quot;5.7&quot;,&quot;iso&quot;:&quot;64&quot;,&quot;shutter_speed&quot;:&quot;0.004684&quot;,&quot;title&quot;:&quot;&quot;,&quot;orientation&quot;:&quot;1&quot;}\" data-image-title=\"100_0957\" data-image-description=\"\" data-image-caption=\"\" data-large-file=\"https:\/\/eldiariodesanpedro.com.ar\/sitio\/wp-content\/uploads\/2020\/10\/100_0957-1024x683.jpg\" data-src=\"https:\/\/eldiariodesanpedro.com.ar\/sitio\/wp-content\/uploads\/2020\/10\/100_0957-1024x683.jpg\" alt=\"\" class=\"wp-image-82516 lazyload\" data-srcset=\"https:\/\/eldiariodesanpedro.com.ar\/sitio\/wp-content\/uploads\/2020\/10\/100_0957-1024x683.jpg 1024w, https:\/\/eldiariodesanpedro.com.ar\/sitio\/wp-content\/uploads\/2020\/10\/100_0957-300x200.jpg 300w, https:\/\/eldiariodesanpedro.com.ar\/sitio\/wp-content\/uploads\/2020\/10\/100_0957-768x512.jpg 768w, https:\/\/eldiariodesanpedro.com.ar\/sitio\/wp-content\/uploads\/2020\/10\/100_0957-1536x1024.jpg 1536w, https:\/\/eldiariodesanpedro.com.ar\/sitio\/wp-content\/uploads\/2020\/10\/100_0957.jpg 1800w\" data-sizes=\"(max-width: 1024px) 100vw, 1024px\" src=\"data:image\/svg+xml;base64,PHN2ZyB3aWR0aD0iMSIgaGVpZ2h0PSIxIiB4bWxucz0iaHR0cDovL3d3dy53My5vcmcvMjAwMC9zdmciPjwvc3ZnPg==\" style=\"--smush-placeholder-width: 1024px; --smush-placeholder-aspect-ratio: 1024\/683;\" \/><\/figure>\n\n\n\n<figure class=\"wp-block-image size-large\"><img decoding=\"async\" width=\"1024\" height=\"683\" data-attachment-id=\"82517\" data-permalink=\"https:\/\/eldiariodesanpedro.com.ar\/sitio\/descubren-mastil-de-un-buque-que-naufrago-hace-94-anos-en-las-costas-de-san-pedro\/100_0956\/\" data-orig-file=\"https:\/\/eldiariodesanpedro.com.ar\/sitio\/wp-content\/uploads\/2020\/10\/100_0956.jpg\" data-orig-size=\"1800,1200\" data-comments-opened=\"1\" data-image-meta=\"{&quot;aperture&quot;:&quot;2.8&quot;,&quot;credit&quot;:&quot;&quot;,&quot;camera&quot;:&quot;KODAK EASYSHARE M863 DIGITAL CAMERA&quot;,&quot;caption&quot;:&quot;&quot;,&quot;created_timestamp&quot;:&quot;1602949361&quot;,&quot;copyright&quot;:&quot;&quot;,&quot;focal_length&quot;:&quot;5.7&quot;,&quot;iso&quot;:&quot;64&quot;,&quot;shutter_speed&quot;:&quot;0.001773&quot;,&quot;title&quot;:&quot;&quot;,&quot;orientation&quot;:&quot;1&quot;}\" data-image-title=\"100_0956\" data-image-description=\"\" data-image-caption=\"\" data-large-file=\"https:\/\/eldiariodesanpedro.com.ar\/sitio\/wp-content\/uploads\/2020\/10\/100_0956-1024x683.jpg\" data-src=\"https:\/\/eldiariodesanpedro.com.ar\/sitio\/wp-content\/uploads\/2020\/10\/100_0956-1024x683.jpg\" alt=\"\" class=\"wp-image-82517 lazyload\" data-srcset=\"https:\/\/eldiariodesanpedro.com.ar\/sitio\/wp-content\/uploads\/2020\/10\/100_0956-1024x683.jpg 1024w, https:\/\/eldiariodesanpedro.com.ar\/sitio\/wp-content\/uploads\/2020\/10\/100_0956-300x200.jpg 300w, https:\/\/eldiariodesanpedro.com.ar\/sitio\/wp-content\/uploads\/2020\/10\/100_0956-768x512.jpg 768w, https:\/\/eldiariodesanpedro.com.ar\/sitio\/wp-content\/uploads\/2020\/10\/100_0956-1536x1024.jpg 1536w, https:\/\/eldiariodesanpedro.com.ar\/sitio\/wp-content\/uploads\/2020\/10\/100_0956.jpg 1800w\" data-sizes=\"(max-width: 1024px) 100vw, 1024px\" src=\"data:image\/svg+xml;base64,PHN2ZyB3aWR0aD0iMSIgaGVpZ2h0PSIxIiB4bWxucz0iaHR0cDovL3d3dy53My5vcmcvMjAwMC9zdmciPjwvc3ZnPg==\" style=\"--smush-placeholder-width: 1024px; --smush-placeholder-aspect-ratio: 1024\/683;\" \/><\/figure>\n\n\n\n<figure class=\"wp-block-image size-large\"><img decoding=\"async\" width=\"1024\" height=\"683\" data-attachment-id=\"82514\" data-permalink=\"https:\/\/eldiariodesanpedro.com.ar\/sitio\/descubren-mastil-de-un-buque-que-naufrago-hace-94-anos-en-las-costas-de-san-pedro\/100_0949\/\" data-orig-file=\"https:\/\/eldiariodesanpedro.com.ar\/sitio\/wp-content\/uploads\/2020\/10\/100_0949.jpg\" data-orig-size=\"1800,1200\" data-comments-opened=\"1\" data-image-meta=\"{&quot;aperture&quot;:&quot;5.5&quot;,&quot;credit&quot;:&quot;&quot;,&quot;camera&quot;:&quot;KODAK EASYSHARE M863 DIGITAL CAMERA&quot;,&quot;caption&quot;:&quot;&quot;,&quot;created_timestamp&quot;:&quot;1602949093&quot;,&quot;copyright&quot;:&quot;&quot;,&quot;focal_length&quot;:&quot;5.7&quot;,&quot;iso&quot;:&quot;64&quot;,&quot;shutter_speed&quot;:&quot;0.003285&quot;,&quot;title&quot;:&quot;&quot;,&quot;orientation&quot;:&quot;1&quot;}\" data-image-title=\"100_0949\" data-image-description=\"\" data-image-caption=\"\" data-large-file=\"https:\/\/eldiariodesanpedro.com.ar\/sitio\/wp-content\/uploads\/2020\/10\/100_0949-1024x683.jpg\" data-src=\"https:\/\/eldiariodesanpedro.com.ar\/sitio\/wp-content\/uploads\/2020\/10\/100_0949-1024x683.jpg\" alt=\"\" class=\"wp-image-82514 lazyload\" data-srcset=\"https:\/\/eldiariodesanpedro.com.ar\/sitio\/wp-content\/uploads\/2020\/10\/100_0949-1024x683.jpg 1024w, https:\/\/eldiariodesanpedro.com.ar\/sitio\/wp-content\/uploads\/2020\/10\/100_0949-300x200.jpg 300w, https:\/\/eldiariodesanpedro.com.ar\/sitio\/wp-content\/uploads\/2020\/10\/100_0949-768x512.jpg 768w, https:\/\/eldiariodesanpedro.com.ar\/sitio\/wp-content\/uploads\/2020\/10\/100_0949-1536x1024.jpg 1536w, https:\/\/eldiariodesanpedro.com.ar\/sitio\/wp-content\/uploads\/2020\/10\/100_0949.jpg 1800w\" data-sizes=\"(max-width: 1024px) 100vw, 1024px\" src=\"data:image\/svg+xml;base64,PHN2ZyB3aWR0aD0iMSIgaGVpZ2h0PSIxIiB4bWxucz0iaHR0cDovL3d3dy53My5vcmcvMjAwMC9zdmciPjwvc3ZnPg==\" style=\"--smush-placeholder-width: 1024px; --smush-placeholder-aspect-ratio: 1024\/683;\" \/><\/figure>\n","protected":false},"excerpt":{"rendered":"<p>El 24 de octubre de 1926, dos buques que navegaban el r\u00edo Paran\u00e1 en direcciones opuestas, chocaron violentamente frente a las costas de la ciudad de San Pedro. Los motivos de aquel accidente quedaron ocultos para siempre en la historia n\u00e1utica de la zona. El vapor belga \u201cPatagonier\u201d, colision\u00f3 de lleno con el buque motor [&hellip;]<\/p>\n","protected":false},"author":4,"featured_media":82515,"comment_status":"open","ping_status":"closed","sticky":false,"template":"","format":"standard","meta":{"om_disable_all_campaigns":false,"_jetpack_memberships_contains_paid_content":false,"footnotes":""},"categories":[101,2],"tags":[197,696,33],"class_list":["post-82513","post","type-post","status-publish","format-standard","has-post-thumbnail","hentry","category-interes-general-locales","category-locales","tag-buenos-aires","tag-interes-general","tag-locales"],"aioseo_notices":[],"gutentor_comment":0,"jetpack_featured_media_url":"https:\/\/eldiariodesanpedro.com.ar\/sitio\/wp-content\/uploads\/2020\/10\/100_0942.jpg","jetpack_shortlink":"https:\/\/wp.me\/p6RhLt-lsR","jetpack_sharing_enabled":true,"_links":{"self":[{"href":"https:\/\/eldiariodesanpedro.com.ar\/sitio\/wp-json\/wp\/v2\/posts\/82513","targetHints":{"allow":["GET"]}}],"collection":[{"href":"https:\/\/eldiariodesanpedro.com.ar\/sitio\/wp-json\/wp\/v2\/posts"}],"about":[{"href":"https:\/\/eldiariodesanpedro.com.ar\/sitio\/wp-json\/wp\/v2\/types\/post"}],"author":[{"embeddable":true,"href":"https:\/\/eldiariodesanpedro.com.ar\/sitio\/wp-json\/wp\/v2\/users\/4"}],"replies":[{"embeddable":true,"href":"https:\/\/eldiariodesanpedro.com.ar\/sitio\/wp-json\/wp\/v2\/comments?post=82513"}],"version-history":[{"count":1,"href":"https:\/\/eldiariodesanpedro.com.ar\/sitio\/wp-json\/wp\/v2\/posts\/82513\/revisions"}],"predecessor-version":[{"id":82518,"href":"https:\/\/eldiariodesanpedro.com.ar\/sitio\/wp-json\/wp\/v2\/posts\/82513\/revisions\/82518"}],"wp:featuredmedia":[{"embeddable":true,"href":"https:\/\/eldiariodesanpedro.com.ar\/sitio\/wp-json\/wp\/v2\/media\/82515"}],"wp:attachment":[{"href":"https:\/\/eldiariodesanpedro.com.ar\/sitio\/wp-json\/wp\/v2\/media?parent=82513"}],"wp:term":[{"taxonomy":"category","embeddable":true,"href":"https:\/\/eldiariodesanpedro.com.ar\/sitio\/wp-json\/wp\/v2\/categories?post=82513"},{"taxonomy":"post_tag","embeddable":true,"href":"https:\/\/eldiariodesanpedro.com.ar\/sitio\/wp-json\/wp\/v2\/tags?post=82513"}],"curies":[{"name":"wp","href":"https:\/\/api.w.org\/{rel}","templated":true}]}}