{"id":82505,"date":"2020-10-20T21:23:26","date_gmt":"2020-10-21T00:23:26","guid":{"rendered":"https:\/\/eldiariodesanpedro.com.ar\/sitio\/?p=82505"},"modified":"2020-10-20T21:23:29","modified_gmt":"2020-10-21T00:23:29","slug":"con-los-resultados-de-hoy-a-la-manana-se-recibieron-44-casos-positivos-en-total","status":"publish","type":"post","link":"https:\/\/eldiariodesanpedro.com.ar\/sitio\/con-los-resultados-de-hoy-a-la-manana-se-recibieron-44-casos-positivos-en-total\/","title":{"rendered":"Con los resultados de hoy a la ma\u00f1ana se recibieron 44 casos positivos en total"},"content":{"rendered":"<!-- VideographyWP Plugin Message: Automatic video embedding prevented by plugin options. -->\n\n<p>La Secretar\u00eda de Salud de la Municipalidad de San Pedro informa la actualizaci\u00f3n de seguimiento a la Pandemia de Covid-19.<\/p>\n\n\n\n<p>INFORME DIARIO<br>Esta ma\u00f1ana se comunic\u00f3 la recepci\u00f3n de 40 resultados negativos y 37 positivos, correspondientes a las muestras enviadas al sistema p\u00fablico el 16 de octubre. Los nuevos positivos son:<br><br>19 mujeres de 15, 17, 18, 22, 26(2), 32, 35(2), 40, 43(2), 46, 47, 48, 49, 66, 72 y 78 a\u00f1os.<br>18 hombres de 23, 24, 25, 32, 34, 38, 40, 47, 48, 49, 50(2), 57, 59(2), 62, 75 y 76 a\u00f1os.<\/p>\n\n\n\n<p>Hoy desde el Laboratorio del Hospital SADIV fueron informadas 7 muestras con resultado positivo correspondientes a mujeres de 37, 75, 82, 86, 89 y 94 a\u00f1os, y un hombre de 89 a\u00f1os.<br>Adem\u00e1s, desde el sistema p\u00fablico-privado se inform\u00f3 un resultado negativo.<\/p>\n\n\n\n<p>Total de nuevos positivos: 44<br>Total de nuevos negativos: 41<\/p>\n\n\n\n<p>FALLECIMIENTOS<br>Hoy se reportaron dos fallecimientos de vecinos de San Pedro con casos positivos de Covid-19.<br>Por la tarde, se notificaron los decesos de Miguel \u00c1ngel Pugliese de 72 a\u00f1os y el de Esberto Bueno de 78 a\u00f1os, ambos internados en una cl\u00ednica privada.<br>Reiteramos nuestras condolencias con sus familiares y seres queridos.<\/p>\n\n\n\n<p>Resumen actualizado de informaci\u00f3n oficial<br>Positivos desde el inicio de la Pandemia: 1417<br>Activos: 191<br>Recuperados: 1181<br>Fallecidos: 45<br>\u00daltimo env\u00edo de muestras: 00<br>Muestras pendientes: 47<br>Negativos desde el inicio de la Pandemia: 1698<br>Los datos consignados en este informe corresponden a ex\u00e1menes realizados por PCR.<\/p>\n\n\n\n<p>&#x1f449; Usar tapabocas.<br>&#x1f449; Mantener la distancia m\u00ednima de 2 metros.<br>&#x1f449; Extremar la higiene de los espacios.<br>&#x1f449; Mantener las manos limpias.<\/p>\n\n\n\n<p>Se recuerda que, ante s\u00edntomas de tos seca, fiebre y dolor de garganta y la probabilidad de haber estado en contacto con enfermos o viajeros llegados desde las zonas transmisi\u00f3n local o comunitaria se puede llamar al 148 o 107.<\/p>\n","protected":false},"excerpt":{"rendered":"<p>La Secretar\u00eda de Salud de la Municipalidad de San Pedro informa la actualizaci\u00f3n de seguimiento a la Pandemia de Covid-19. INFORME DIARIOEsta ma\u00f1ana se comunic\u00f3 la recepci\u00f3n de 40 resultados negativos y 37 positivos, correspondientes a las muestras enviadas al sistema p\u00fablico el 16 de octubre. Los nuevos positivos son: 19 mujeres de 15, 17, [&hellip;]<\/p>\n","protected":false},"author":4,"featured_media":78783,"comment_status":"open","ping_status":"closed","sticky":false,"template":"","format":"standard","meta":{"om_disable_all_campaigns":false,"_jetpack_memberships_contains_paid_content":false,"footnotes":""},"categories":[50,101,2],"tags":[197,696,33],"class_list":["post-82505","post","type-post","status-publish","format-standard","has-post-thumbnail","hentry","category-destacadas","category-interes-general-locales","category-locales","tag-buenos-aires","tag-interes-general","tag-locales"],"aioseo_notices":[],"gutentor_comment":0,"jetpack_featured_media_url":"https:\/\/eldiariodesanpedro.com.ar\/sitio\/wp-content\/uploads\/2020\/08\/coronavirus-positivo-2.jpg","jetpack_shortlink":"https:\/\/wp.me\/p6RhLt-lsJ","jetpack_sharing_enabled":true,"_links":{"self":[{"href":"https:\/\/eldiariodesanpedro.com.ar\/sitio\/wp-json\/wp\/v2\/posts\/82505","targetHints":{"allow":["GET"]}}],"collection":[{"href":"https:\/\/eldiariodesanpedro.com.ar\/sitio\/wp-json\/wp\/v2\/posts"}],"about":[{"href":"https:\/\/eldiariodesanpedro.com.ar\/sitio\/wp-json\/wp\/v2\/types\/post"}],"author":[{"embeddable":true,"href":"https:\/\/eldiariodesanpedro.com.ar\/sitio\/wp-json\/wp\/v2\/users\/4"}],"replies":[{"embeddable":true,"href":"https:\/\/eldiariodesanpedro.com.ar\/sitio\/wp-json\/wp\/v2\/comments?post=82505"}],"version-history":[{"count":1,"href":"https:\/\/eldiariodesanpedro.com.ar\/sitio\/wp-json\/wp\/v2\/posts\/82505\/revisions"}],"predecessor-version":[{"id":82506,"href":"https:\/\/eldiariodesanpedro.com.ar\/sitio\/wp-json\/wp\/v2\/posts\/82505\/revisions\/82506"}],"wp:featuredmedia":[{"embeddable":true,"href":"https:\/\/eldiariodesanpedro.com.ar\/sitio\/wp-json\/wp\/v2\/media\/78783"}],"wp:attachment":[{"href":"https:\/\/eldiariodesanpedro.com.ar\/sitio\/wp-json\/wp\/v2\/media?parent=82505"}],"wp:term":[{"taxonomy":"category","embeddable":true,"href":"https:\/\/eldiariodesanpedro.com.ar\/sitio\/wp-json\/wp\/v2\/categories?post=82505"},{"taxonomy":"post_tag","embeddable":true,"href":"https:\/\/eldiariodesanpedro.com.ar\/sitio\/wp-json\/wp\/v2\/tags?post=82505"}],"curies":[{"name":"wp","href":"https:\/\/api.w.org\/{rel}","templated":true}]}}