{"id":82502,"date":"2020-10-20T19:33:03","date_gmt":"2020-10-20T22:33:03","guid":{"rendered":"https:\/\/eldiariodesanpedro.com.ar\/sitio\/?p=82502"},"modified":"2020-10-20T19:33:06","modified_gmt":"2020-10-20T22:33:06","slug":"manana-realizaran-paro-de-actividades-los-trabajadores-del-inta","status":"publish","type":"post","link":"https:\/\/eldiariodesanpedro.com.ar\/sitio\/manana-realizaran-paro-de-actividades-los-trabajadores-del-inta\/","title":{"rendered":"Ma\u00f1ana realizaran paro de actividades los trabajadores del INTA"},"content":{"rendered":"<!-- VideographyWP Plugin Message: Automatic video embedding prevented by plugin options. -->\n\n<p>El d\u00eda 14 de Octubre pasado se realizo el Congreso extraordinario convocado por APINTA (el gremio que nuclea a los trabajadores del INTA). Participaron 51 congresales de diferentes Seccionales de todo el pa\u00eds en forma virtual entre los cuales estuvo presente el Secretario de la Seccional San Pedro Franco Lazzari.<\/p>\n\n\n\n<p>Durante el Congreso el Secretario General de APINTA Mario Romero brindo un informe de las acciones llevadas adelante por esta Asociaci\u00f3n gremial para lograr la apertura de las paritarias sectoriales y negociar con el INTA un aumento de emergencia ante la inaceptable pauta salarial aprobada en la paritaria para la Administraci\u00f3n Publica Nacional.<\/p>\n\n\n\n<p>De tal manera el secretariado Nacional propuso la realizaci\u00f3n de una medida de acci\u00f3n directa que implica un paro total de actividades para el pr\u00f3ximo 21 de Octubre de 2020, siendo aceptada por mayor\u00eda por los congresales asistente.<\/p>\n\n\n\n<p>Recordemos que en los \u00faltimos a\u00f1os el trabajador de INTA padeci\u00f3 la p\u00e9rdida del poder adquisitivo de su salario en un 50% con m\u00e1s del 30% de sus trabajadores percibiendo salarios muy por debajo de la l\u00ednea de la pobreza y con un aumento para todo este a\u00f1o de un 7%.<\/p>\n","protected":false},"excerpt":{"rendered":"<p>El d\u00eda 14 de Octubre pasado se realizo el Congreso extraordinario convocado por APINTA (el gremio que nuclea a los trabajadores del INTA). Participaron 51 congresales de diferentes Seccionales de todo el pa\u00eds en forma virtual entre los cuales estuvo presente el Secretario de la Seccional San Pedro Franco Lazzari. Durante el Congreso el Secretario [&hellip;]<\/p>\n","protected":false},"author":4,"featured_media":82503,"comment_status":"open","ping_status":"closed","sticky":false,"template":"","format":"standard","meta":{"om_disable_all_campaigns":false,"_jetpack_memberships_contains_paid_content":false,"footnotes":""},"categories":[101,2],"tags":[197,696,33],"class_list":["post-82502","post","type-post","status-publish","format-standard","has-post-thumbnail","hentry","category-interes-general-locales","category-locales","tag-buenos-aires","tag-interes-general","tag-locales"],"aioseo_notices":[],"gutentor_comment":0,"jetpack_featured_media_url":"https:\/\/eldiariodesanpedro.com.ar\/sitio\/wp-content\/uploads\/2020\/10\/D2vyvc3XQAAQuq_.jpg","jetpack_shortlink":"https:\/\/wp.me\/p6RhLt-lsG","jetpack_sharing_enabled":true,"_links":{"self":[{"href":"https:\/\/eldiariodesanpedro.com.ar\/sitio\/wp-json\/wp\/v2\/posts\/82502","targetHints":{"allow":["GET"]}}],"collection":[{"href":"https:\/\/eldiariodesanpedro.com.ar\/sitio\/wp-json\/wp\/v2\/posts"}],"about":[{"href":"https:\/\/eldiariodesanpedro.com.ar\/sitio\/wp-json\/wp\/v2\/types\/post"}],"author":[{"embeddable":true,"href":"https:\/\/eldiariodesanpedro.com.ar\/sitio\/wp-json\/wp\/v2\/users\/4"}],"replies":[{"embeddable":true,"href":"https:\/\/eldiariodesanpedro.com.ar\/sitio\/wp-json\/wp\/v2\/comments?post=82502"}],"version-history":[{"count":1,"href":"https:\/\/eldiariodesanpedro.com.ar\/sitio\/wp-json\/wp\/v2\/posts\/82502\/revisions"}],"predecessor-version":[{"id":82504,"href":"https:\/\/eldiariodesanpedro.com.ar\/sitio\/wp-json\/wp\/v2\/posts\/82502\/revisions\/82504"}],"wp:featuredmedia":[{"embeddable":true,"href":"https:\/\/eldiariodesanpedro.com.ar\/sitio\/wp-json\/wp\/v2\/media\/82503"}],"wp:attachment":[{"href":"https:\/\/eldiariodesanpedro.com.ar\/sitio\/wp-json\/wp\/v2\/media?parent=82502"}],"wp:term":[{"taxonomy":"category","embeddable":true,"href":"https:\/\/eldiariodesanpedro.com.ar\/sitio\/wp-json\/wp\/v2\/categories?post=82502"},{"taxonomy":"post_tag","embeddable":true,"href":"https:\/\/eldiariodesanpedro.com.ar\/sitio\/wp-json\/wp\/v2\/tags?post=82502"}],"curies":[{"name":"wp","href":"https:\/\/api.w.org\/{rel}","templated":true}]}}