{"id":82500,"date":"2020-10-20T19:23:54","date_gmt":"2020-10-20T22:23:54","guid":{"rendered":"https:\/\/eldiariodesanpedro.com.ar\/sitio\/?p=82500"},"modified":"2020-10-20T19:23:57","modified_gmt":"2020-10-20T22:23:57","slug":"se-confirmaron-esta-tarde-dos-nuevos-fallecimientos-por-coronavirus","status":"publish","type":"post","link":"https:\/\/eldiariodesanpedro.com.ar\/sitio\/se-confirmaron-esta-tarde-dos-nuevos-fallecimientos-por-coronavirus\/","title":{"rendered":"Se confirmaron esta tarde dos nuevos fallecimientos por coronavirus"},"content":{"rendered":"<!-- VideographyWP Plugin Message: Automatic video embedding prevented by plugin options. -->\n\n<p>La Municipalidad de San Pedro comunica el fallecimiento de dos personas en las \u00faltimas horas, incluidas en la n\u00f3mina de pacientes positivos de Covid-19.<\/p>\n\n\n\n<p>Lamentamos informar el deceso de Miguel Angel Pugliese de 72 a\u00f1os y el de Esberto Bueno de 78 a\u00f1os, ambos internados en una cl\u00ednica privada.<\/p>\n\n\n\n<p>Con estos dos casos, el total de fallecimientos desde el inicio de la Pandemia es de 45 personas.<\/p>\n\n\n\n<p>Hacemos llegar nuestro acompa\u00f1amiento y condolencias a familiares y seres queridos de estos vecinos de San Pedro.<\/p>\n","protected":false},"excerpt":{"rendered":"<p>La Municipalidad de San Pedro comunica el fallecimiento de dos personas en las \u00faltimas horas, incluidas en la n\u00f3mina de pacientes positivos de Covid-19. Lamentamos informar el deceso de Miguel Angel Pugliese de 72 a\u00f1os y el de Esberto Bueno de 78 a\u00f1os, ambos internados en una cl\u00ednica privada. Con estos dos casos, el total [&hellip;]<\/p>\n","protected":false},"author":4,"featured_media":77464,"comment_status":"open","ping_status":"closed","sticky":false,"template":"","format":"standard","meta":{"om_disable_all_campaigns":false,"_jetpack_memberships_contains_paid_content":false,"footnotes":""},"categories":[50,101,2],"tags":[197,696,33],"class_list":["post-82500","post","type-post","status-publish","format-standard","has-post-thumbnail","hentry","category-destacadas","category-interes-general-locales","category-locales","tag-buenos-aires","tag-interes-general","tag-locales"],"aioseo_notices":[],"gutentor_comment":0,"jetpack_featured_media_url":"https:\/\/eldiariodesanpedro.com.ar\/sitio\/wp-content\/uploads\/2020\/07\/5e87e1dede692.jpeg","jetpack_shortlink":"https:\/\/wp.me\/p6RhLt-lsE","jetpack_sharing_enabled":true,"_links":{"self":[{"href":"https:\/\/eldiariodesanpedro.com.ar\/sitio\/wp-json\/wp\/v2\/posts\/82500","targetHints":{"allow":["GET"]}}],"collection":[{"href":"https:\/\/eldiariodesanpedro.com.ar\/sitio\/wp-json\/wp\/v2\/posts"}],"about":[{"href":"https:\/\/eldiariodesanpedro.com.ar\/sitio\/wp-json\/wp\/v2\/types\/post"}],"author":[{"embeddable":true,"href":"https:\/\/eldiariodesanpedro.com.ar\/sitio\/wp-json\/wp\/v2\/users\/4"}],"replies":[{"embeddable":true,"href":"https:\/\/eldiariodesanpedro.com.ar\/sitio\/wp-json\/wp\/v2\/comments?post=82500"}],"version-history":[{"count":1,"href":"https:\/\/eldiariodesanpedro.com.ar\/sitio\/wp-json\/wp\/v2\/posts\/82500\/revisions"}],"predecessor-version":[{"id":82501,"href":"https:\/\/eldiariodesanpedro.com.ar\/sitio\/wp-json\/wp\/v2\/posts\/82500\/revisions\/82501"}],"wp:featuredmedia":[{"embeddable":true,"href":"https:\/\/eldiariodesanpedro.com.ar\/sitio\/wp-json\/wp\/v2\/media\/77464"}],"wp:attachment":[{"href":"https:\/\/eldiariodesanpedro.com.ar\/sitio\/wp-json\/wp\/v2\/media?parent=82500"}],"wp:term":[{"taxonomy":"category","embeddable":true,"href":"https:\/\/eldiariodesanpedro.com.ar\/sitio\/wp-json\/wp\/v2\/categories?post=82500"},{"taxonomy":"post_tag","embeddable":true,"href":"https:\/\/eldiariodesanpedro.com.ar\/sitio\/wp-json\/wp\/v2\/tags?post=82500"}],"curies":[{"name":"wp","href":"https:\/\/api.w.org\/{rel}","templated":true}]}}