{"id":82497,"date":"2020-10-20T19:18:26","date_gmt":"2020-10-20T22:18:26","guid":{"rendered":"https:\/\/eldiariodesanpedro.com.ar\/sitio\/?p=82497"},"modified":"2020-10-20T19:18:30","modified_gmt":"2020-10-20T22:18:30","slug":"joven-de-17-anos-que-tiene-prision-domiciliaria-y-protagonizo-un-raid-delictivo","status":"publish","type":"post","link":"https:\/\/eldiariodesanpedro.com.ar\/sitio\/joven-de-17-anos-que-tiene-prision-domiciliaria-y-protagonizo-un-raid-delictivo\/","title":{"rendered":"Joven de 17 a\u00f1os que tiene prisi\u00f3n domiciliaria y protagonizo un raid delictivo"},"content":{"rendered":"<!-- VideographyWP Plugin Message: Automatic video embedding prevented by plugin options. -->\n\n<p>En la jornada de hoy la polic\u00eda de nuestra ciudad realiz\u00f3 la aprehensi\u00f3n de un joven menor de edad que momentos antes hab\u00eda ocasionado un raid delictivo robando varias pertenencias en diferentes domicilios, adem\u00e1s este delincuente deber\u00eda estar cumpliendo prisi\u00f3n domiciliaria.<\/p>\n\n\n\n<p>En la jornada de este martes la polic\u00eda de nuestra ciudad alertada se hace presente en calle Cruz Roja al 1900 vivienda de un hombre de 59 a\u00f1os donde un delincuente momento antes hab\u00eda ingresado sin provocar violencia logrando sustraer una billetera con documentaci\u00f3n y dinero en efectivo.<\/p>\n\n\n\n<p>Minutos m\u00e1s tarde los efectivos lograron identificar al autor del hecho como un menor de 17 a\u00f1os con frondosos antecedentes delictivos y que en este momento cumple arresto domiciliario por un robo calificado.<\/p>\n\n\n\n<p>Tras analizar las&nbsp; c\u00e1maras de seguridad de la vivienda de esta persona se pudo identificar que circulaba en una motocicleta tipo 110 cc que tras un amplio operativo se logra recuperar la motocicleta abandonada en la v\u00eda p\u00fablica en calle La Laguna al 2400, de esta manera logrando determinar que este rodado fue denunciado en la misma jornada de ser robada por este malhechor en calle San Lorenzo al 1700 siendo propiedad de un ciudadano de 69 a\u00f1os.<\/p>\n\n\n\n<p>El menor prosigui\u00f3 su raid delictivo en otra vivienda de calle San Lorenzo donde sustrajo una garrafa de 10 kg junto a una campera tipo parca propiedad de un ciudadano de 32 a\u00f1os quien no se encontraba en la casa.<\/p>\n\n\n\n<p>Debido al reconocimiento del mismo se solicit\u00f3 una orden de allanamiento de urgencia al Juzgado Juvenil de San Nicol\u00e1s para dar con el paradero del caco, siendo complicado por el GTO y el Grupo GAD en calle Las Provincias al 2400 arrojando resultados positivos, secuestrando prendas de vestir que utilizaba al momento de los delitos, garrafa y campera.<\/p>\n\n\n\n<p>La UFI determin\u00f3 que el joven sea trasladado a su domicilio nuevamente para quedar a custodia de su progenitores para seguir cumpliendo su prisi\u00f3n domiciliaria.<\/p>\n","protected":false},"excerpt":{"rendered":"<p>En la jornada de hoy la polic\u00eda de nuestra ciudad realiz\u00f3 la aprehensi\u00f3n de un joven menor de edad que momentos antes hab\u00eda ocasionado un raid delictivo robando varias pertenencias en diferentes domicilios, adem\u00e1s este delincuente deber\u00eda estar cumpliendo prisi\u00f3n domiciliaria. En la jornada de este martes la polic\u00eda de nuestra ciudad alertada se hace [&hellip;]<\/p>\n","protected":false},"author":4,"featured_media":82498,"comment_status":"open","ping_status":"closed","sticky":false,"template":"","format":"standard","meta":{"om_disable_all_campaigns":false,"_jetpack_memberships_contains_paid_content":false,"footnotes":""},"categories":[50,2,103],"tags":[197,33,95],"class_list":["post-82497","post","type-post","status-publish","format-standard","has-post-thumbnail","hentry","category-destacadas","category-locales","category-policiales-locales","tag-buenos-aires","tag-locales","tag-policiales"],"aioseo_notices":[],"gutentor_comment":0,"jetpack_featured_media_url":"https:\/\/eldiariodesanpedro.com.ar\/sitio\/wp-content\/uploads\/2020\/10\/Sin-titulo-1-10.jpg","jetpack_shortlink":"https:\/\/wp.me\/p6RhLt-lsB","jetpack_sharing_enabled":true,"_links":{"self":[{"href":"https:\/\/eldiariodesanpedro.com.ar\/sitio\/wp-json\/wp\/v2\/posts\/82497","targetHints":{"allow":["GET"]}}],"collection":[{"href":"https:\/\/eldiariodesanpedro.com.ar\/sitio\/wp-json\/wp\/v2\/posts"}],"about":[{"href":"https:\/\/eldiariodesanpedro.com.ar\/sitio\/wp-json\/wp\/v2\/types\/post"}],"author":[{"embeddable":true,"href":"https:\/\/eldiariodesanpedro.com.ar\/sitio\/wp-json\/wp\/v2\/users\/4"}],"replies":[{"embeddable":true,"href":"https:\/\/eldiariodesanpedro.com.ar\/sitio\/wp-json\/wp\/v2\/comments?post=82497"}],"version-history":[{"count":1,"href":"https:\/\/eldiariodesanpedro.com.ar\/sitio\/wp-json\/wp\/v2\/posts\/82497\/revisions"}],"predecessor-version":[{"id":82499,"href":"https:\/\/eldiariodesanpedro.com.ar\/sitio\/wp-json\/wp\/v2\/posts\/82497\/revisions\/82499"}],"wp:featuredmedia":[{"embeddable":true,"href":"https:\/\/eldiariodesanpedro.com.ar\/sitio\/wp-json\/wp\/v2\/media\/82498"}],"wp:attachment":[{"href":"https:\/\/eldiariodesanpedro.com.ar\/sitio\/wp-json\/wp\/v2\/media?parent=82497"}],"wp:term":[{"taxonomy":"category","embeddable":true,"href":"https:\/\/eldiariodesanpedro.com.ar\/sitio\/wp-json\/wp\/v2\/categories?post=82497"},{"taxonomy":"post_tag","embeddable":true,"href":"https:\/\/eldiariodesanpedro.com.ar\/sitio\/wp-json\/wp\/v2\/tags?post=82497"}],"curies":[{"name":"wp","href":"https:\/\/api.w.org\/{rel}","templated":true}]}}