{"id":82481,"date":"2020-10-20T11:59:08","date_gmt":"2020-10-20T14:59:08","guid":{"rendered":"https:\/\/eldiariodesanpedro.com.ar\/sitio\/?p=82481"},"modified":"2020-10-20T12:43:52","modified_gmt":"2020-10-20T15:43:52","slug":"tiene-perimetral-ingreso-a-la-vivienda-y-se-robo-una-camioneta-de-su-ex-pareja","status":"publish","type":"post","link":"https:\/\/eldiariodesanpedro.com.ar\/sitio\/tiene-perimetral-ingreso-a-la-vivienda-y-se-robo-una-camioneta-de-su-ex-pareja\/","title":{"rendered":"Tiene perimetral, ingres\u00f3 a la vivienda y se robo una camioneta de su ex pareja"},"content":{"rendered":"<!-- VideographyWP Plugin Message: Automatic video embedding prevented by plugin options. -->\n\n<p>En la ma\u00f1ana de este martes se recibi\u00f3 la denuncia por parte de una mujer que sufre el acoso de su ex pareja y hoy le rob\u00f3 su camioneta.<\/p>\n\n\n\n<p>El hecho ocurri\u00f3 esta ma\u00f1ana alrededor de las 7 hs en un domicilio ubicado en calle La Laguna al 1200 donde una mujer de 40 a\u00f1os reside junto a sus dos hijos.<\/p>\n\n\n\n<p>Su ex pareja de 45 a\u00f1os de edad se hizo presente en el lugar saltando un tapial para robarle una camioneta marca Toyota color gris cabina simple.<\/p>\n\n\n\n<p>Seg\u00fan declar\u00f3 la v\u00edctima este sujeto ingres\u00f3 a la vivienda y con una copia de una llave que ten\u00eda en su poder  con la arranc\u00f3 el mismo rompiendo el port\u00f3n de acceso y llev\u00e1ndose la camioneta.<\/p>\n\n\n\n<p>La mujer v\u00edctima de violencia de g\u00e9nero realiz\u00f3 la denuncia informando que el agresor adem\u00e1s tiene una restricci\u00f3n perimetral vigente que viola constantemente sin poder tener tranquilidad.<\/p>\n\n\n\n<p>\u201cYo lo \u00fanico que quiero es estar tranquila y as\u00ed como entr\u00f3 hoy puede entrar ma\u00f1ana peg\u00e1ndome un tiro cuando duermo\u201d.<\/p>\n\n\n\n<p>La polic\u00eda de nuestra ciudad tom\u00f3 intervenci\u00f3n y se encuentra en b\u00fasqueda del rodado robado.<\/p>\n\n\n\n<figure class=\"wp-block-image size-large\"><img decoding=\"async\" width=\"768\" height=\"1024\" data-attachment-id=\"82484\" data-permalink=\"https:\/\/eldiariodesanpedro.com.ar\/sitio\/tiene-perimetral-ingreso-a-la-vivienda-y-se-robo-una-camioneta-de-su-ex-pareja\/whatsapp-image-2020-10-20-at-11-43-30-1-1\/\" data-orig-file=\"https:\/\/eldiariodesanpedro.com.ar\/sitio\/wp-content\/uploads\/2020\/10\/WhatsApp-Image-2020-10-20-at-11.43.30-1-1.jpeg\" data-orig-size=\"774,1032\" data-comments-opened=\"1\" data-image-meta=\"{&quot;aperture&quot;:&quot;0&quot;,&quot;credit&quot;:&quot;&quot;,&quot;camera&quot;:&quot;&quot;,&quot;caption&quot;:&quot;&quot;,&quot;created_timestamp&quot;:&quot;0&quot;,&quot;copyright&quot;:&quot;&quot;,&quot;focal_length&quot;:&quot;0&quot;,&quot;iso&quot;:&quot;0&quot;,&quot;shutter_speed&quot;:&quot;0&quot;,&quot;title&quot;:&quot;&quot;,&quot;orientation&quot;:&quot;0&quot;}\" data-image-title=\"WhatsApp-Image-2020-10-20-at-11.43.30-1-1\" data-image-description=\"\" data-image-caption=\"\" data-large-file=\"https:\/\/eldiariodesanpedro.com.ar\/sitio\/wp-content\/uploads\/2020\/10\/WhatsApp-Image-2020-10-20-at-11.43.30-1-1-768x1024.jpeg\" data-src=\"https:\/\/eldiariodesanpedro.com.ar\/sitio\/wp-content\/uploads\/2020\/10\/WhatsApp-Image-2020-10-20-at-11.43.30-1-1-768x1024.jpeg\" alt=\"\" class=\"wp-image-82484 lazyload\" data-srcset=\"https:\/\/eldiariodesanpedro.com.ar\/sitio\/wp-content\/uploads\/2020\/10\/WhatsApp-Image-2020-10-20-at-11.43.30-1-1-768x1024.jpeg 768w, https:\/\/eldiariodesanpedro.com.ar\/sitio\/wp-content\/uploads\/2020\/10\/WhatsApp-Image-2020-10-20-at-11.43.30-1-1-225x300.jpeg 225w, https:\/\/eldiariodesanpedro.com.ar\/sitio\/wp-content\/uploads\/2020\/10\/WhatsApp-Image-2020-10-20-at-11.43.30-1-1.jpeg 774w\" data-sizes=\"(max-width: 768px) 100vw, 768px\" src=\"data:image\/svg+xml;base64,PHN2ZyB3aWR0aD0iMSIgaGVpZ2h0PSIxIiB4bWxucz0iaHR0cDovL3d3dy53My5vcmcvMjAwMC9zdmciPjwvc3ZnPg==\" style=\"--smush-placeholder-width: 768px; --smush-placeholder-aspect-ratio: 768\/1024;\" \/><\/figure>\n","protected":false},"excerpt":{"rendered":"<p>En la ma\u00f1ana de este martes se recibi\u00f3 la denuncia por parte de una mujer que sufre el acoso de su ex pareja y hoy le rob\u00f3 su camioneta. El hecho ocurri\u00f3 esta ma\u00f1ana alrededor de las 7 hs en un domicilio ubicado en calle La Laguna al 1200 donde una mujer de 40 a\u00f1os [&hellip;]<\/p>\n","protected":false},"author":4,"featured_media":82482,"comment_status":"open","ping_status":"closed","sticky":false,"template":"","format":"standard","meta":{"om_disable_all_campaigns":false,"_jetpack_memberships_contains_paid_content":false,"footnotes":""},"categories":[50,2,103],"tags":[197,696,33],"class_list":["post-82481","post","type-post","status-publish","format-standard","has-post-thumbnail","hentry","category-destacadas","category-locales","category-policiales-locales","tag-buenos-aires","tag-interes-general","tag-locales"],"aioseo_notices":[],"gutentor_comment":0,"jetpack_featured_media_url":"https:\/\/eldiariodesanpedro.com.ar\/sitio\/wp-content\/uploads\/2020\/10\/WhatsApp-Image-2020-10-20-at-11.43.30.jpeg","jetpack_shortlink":"https:\/\/wp.me\/p6RhLt-lsl","jetpack_sharing_enabled":true,"_links":{"self":[{"href":"https:\/\/eldiariodesanpedro.com.ar\/sitio\/wp-json\/wp\/v2\/posts\/82481","targetHints":{"allow":["GET"]}}],"collection":[{"href":"https:\/\/eldiariodesanpedro.com.ar\/sitio\/wp-json\/wp\/v2\/posts"}],"about":[{"href":"https:\/\/eldiariodesanpedro.com.ar\/sitio\/wp-json\/wp\/v2\/types\/post"}],"author":[{"embeddable":true,"href":"https:\/\/eldiariodesanpedro.com.ar\/sitio\/wp-json\/wp\/v2\/users\/4"}],"replies":[{"embeddable":true,"href":"https:\/\/eldiariodesanpedro.com.ar\/sitio\/wp-json\/wp\/v2\/comments?post=82481"}],"version-history":[{"count":4,"href":"https:\/\/eldiariodesanpedro.com.ar\/sitio\/wp-json\/wp\/v2\/posts\/82481\/revisions"}],"predecessor-version":[{"id":82489,"href":"https:\/\/eldiariodesanpedro.com.ar\/sitio\/wp-json\/wp\/v2\/posts\/82481\/revisions\/82489"}],"wp:featuredmedia":[{"embeddable":true,"href":"https:\/\/eldiariodesanpedro.com.ar\/sitio\/wp-json\/wp\/v2\/media\/82482"}],"wp:attachment":[{"href":"https:\/\/eldiariodesanpedro.com.ar\/sitio\/wp-json\/wp\/v2\/media?parent=82481"}],"wp:term":[{"taxonomy":"category","embeddable":true,"href":"https:\/\/eldiariodesanpedro.com.ar\/sitio\/wp-json\/wp\/v2\/categories?post=82481"},{"taxonomy":"post_tag","embeddable":true,"href":"https:\/\/eldiariodesanpedro.com.ar\/sitio\/wp-json\/wp\/v2\/tags?post=82481"}],"curies":[{"name":"wp","href":"https:\/\/api.w.org\/{rel}","templated":true}]}}