{"id":82477,"date":"2020-10-20T11:31:15","date_gmt":"2020-10-20T14:31:15","guid":{"rendered":"https:\/\/eldiariodesanpedro.com.ar\/sitio\/?p=82477"},"modified":"2020-10-20T12:32:57","modified_gmt":"2020-10-20T15:32:57","slug":"segunda-conferencia-referencia-y-hospitalidad-por-el-museo-historico","status":"publish","type":"post","link":"https:\/\/eldiariodesanpedro.com.ar\/sitio\/segunda-conferencia-referencia-y-hospitalidad-por-el-museo-historico\/","title":{"rendered":"Segunda conferencia \u00abRecepci\u00f3n y Hospitalidad\u00bb por el Museo Hist\u00f3rico"},"content":{"rendered":"<!-- VideographyWP Plugin Message: Automatic video embedding prevented by plugin options. -->\n\n<p>El Museo Hist\u00f3rico junto&nbsp; a la Direcci\u00f3n de Cultura y la Uni\u00f3n de Colectividades de San Pedro, el pasado 7 de octubre comenz\u00f3 el ciclo de conferencias a trav\u00e9s de zoom&nbsp; <strong>\u201cLa inmigracion en primera persona\u201d<\/strong> con la participaci\u00f3n de la profesora <strong>Mar\u00eda Liliana Da Orden<\/strong> de la Universidad Nacional de Mar del Plata.<\/p>\n\n\n\n<p>Para quienes no pudieron estar presentes, les dejamos el link de la grabaci\u00f3n de la charla: <a href=\"https:\/\/youtu.be\/15fa4Iaqr_c1\">https:\/\/youtu.be\/15fa4Iaqr_c1<\/a><\/p>\n\n\n\n<p>En igual sentido, se invita a la sociedad toda al segundo encuentro a realizarse el pr\u00f3ximo 22 de octubre a las 19 hs a trav\u00e9s de la plataforma Zoom, en esta oportunidad quien tendr\u00e1 el agrado de dirigir la charla ser\u00e1 el profesor <strong>Marcelo Huernos<\/strong> que se desempe\u00f1a como investigador y productor de contenidos de MUNTREF \u201cMuseo de la Inmigracion\u201d (Hotel del Inmigrante).&nbsp;<\/p>\n\n\n\n<p>El Museo Hist\u00f3rico San Pedro le est\u00e1 invitando a una reuni\u00f3n de Zoom programada.<\/p>\n\n\n\n<p>\u201cRECEPCI\u00d3N Y HOSPITALIDAD\u201d<br>Hora: 22 oct 2020 07:00 PM Buenos Aires, Georgetown<br>Unirse a la reuni\u00f3n Zoom <a href=\"https:\/\/us04web.zoom.us\/j\/5998790611?pwd=RFlKVUhjQlUvTzJ5NHFWUVBIR21KQT09\">https:\/\/us04web.zoom.us\/j\/5998790611?pwd=RFlKVUhjQlUvTzJ5NHFWUVBIR21KQT09<\/a><\/p>\n\n\n\n<p>ID de reuni\u00f3n: 599 879 0611<br>C\u00f3digo de acceso: SANPEDRO<\/p>\n","protected":false},"excerpt":{"rendered":"<p>El Museo Hist\u00f3rico junto&nbsp; a la Direcci\u00f3n de Cultura y la Uni\u00f3n de Colectividades de San Pedro, el pasado 7 de octubre comenz\u00f3 el ciclo de conferencias a trav\u00e9s de zoom&nbsp; \u201cLa inmigracion en primera persona\u201d con la participaci\u00f3n de la profesora Mar\u00eda Liliana Da Orden de la Universidad Nacional de Mar del Plata. Para [&hellip;]<\/p>\n","protected":false},"author":4,"featured_media":82478,"comment_status":"open","ping_status":"closed","sticky":false,"template":"","format":"standard","meta":{"om_disable_all_campaigns":false,"_jetpack_memberships_contains_paid_content":false,"footnotes":""},"categories":[101,2],"tags":[197,696,33],"class_list":["post-82477","post","type-post","status-publish","format-standard","has-post-thumbnail","hentry","category-interes-general-locales","category-locales","tag-buenos-aires","tag-interes-general","tag-locales"],"aioseo_notices":[],"gutentor_comment":0,"jetpack_featured_media_url":"https:\/\/eldiariodesanpedro.com.ar\/sitio\/wp-content\/uploads\/2020\/10\/121725679_1185948015124307_3461687406512885680_n.jpg","jetpack_shortlink":"https:\/\/wp.me\/p6RhLt-lsh","jetpack_sharing_enabled":true,"_links":{"self":[{"href":"https:\/\/eldiariodesanpedro.com.ar\/sitio\/wp-json\/wp\/v2\/posts\/82477","targetHints":{"allow":["GET"]}}],"collection":[{"href":"https:\/\/eldiariodesanpedro.com.ar\/sitio\/wp-json\/wp\/v2\/posts"}],"about":[{"href":"https:\/\/eldiariodesanpedro.com.ar\/sitio\/wp-json\/wp\/v2\/types\/post"}],"author":[{"embeddable":true,"href":"https:\/\/eldiariodesanpedro.com.ar\/sitio\/wp-json\/wp\/v2\/users\/4"}],"replies":[{"embeddable":true,"href":"https:\/\/eldiariodesanpedro.com.ar\/sitio\/wp-json\/wp\/v2\/comments?post=82477"}],"version-history":[{"count":2,"href":"https:\/\/eldiariodesanpedro.com.ar\/sitio\/wp-json\/wp\/v2\/posts\/82477\/revisions"}],"predecessor-version":[{"id":82487,"href":"https:\/\/eldiariodesanpedro.com.ar\/sitio\/wp-json\/wp\/v2\/posts\/82477\/revisions\/82487"}],"wp:featuredmedia":[{"embeddable":true,"href":"https:\/\/eldiariodesanpedro.com.ar\/sitio\/wp-json\/wp\/v2\/media\/82478"}],"wp:attachment":[{"href":"https:\/\/eldiariodesanpedro.com.ar\/sitio\/wp-json\/wp\/v2\/media?parent=82477"}],"wp:term":[{"taxonomy":"category","embeddable":true,"href":"https:\/\/eldiariodesanpedro.com.ar\/sitio\/wp-json\/wp\/v2\/categories?post=82477"},{"taxonomy":"post_tag","embeddable":true,"href":"https:\/\/eldiariodesanpedro.com.ar\/sitio\/wp-json\/wp\/v2\/tags?post=82477"}],"curies":[{"name":"wp","href":"https:\/\/api.w.org\/{rel}","templated":true}]}}