{"id":82474,"date":"2020-10-20T11:17:19","date_gmt":"2020-10-20T14:17:19","guid":{"rendered":"https:\/\/eldiariodesanpedro.com.ar\/sitio\/?p=82474"},"modified":"2020-10-20T11:17:23","modified_gmt":"2020-10-20T14:17:23","slug":"voytenco-mi-primera-gestion-como-secretario-general-fue-la-de-autorizar-la-compra-del-arco-en-c","status":"publish","type":"post","link":"https:\/\/eldiariodesanpedro.com.ar\/sitio\/voytenco-mi-primera-gestion-como-secretario-general-fue-la-de-autorizar-la-compra-del-arco-en-c\/","title":{"rendered":"Voytenco: \u201cMi primera gesti\u00f3n como Secretario General fue la de autorizar la compra del arco en C\u201d"},"content":{"rendered":"<!-- VideographyWP Plugin Message: Automatic video embedding prevented by plugin options. -->\n\n<p>En la entrevista realizada en el aire de FM G\u00e9nesis el titular de la Uatre confirm\u00f3 que est\u00e1 autorizada la compra del arco que antes de su fallecimiento se hab\u00eda comprometido a adquirir Ram\u00f3n Ayala.<\/p>\n\n\n\n<p>Semanas antes a su repentino fallecimiento, quien era el Secretario General de la Uatre, Ram\u00f3n Ayala, hab\u00eda oficializado su compromiso de colaborar con la compra de una importante aparatolog\u00eda para el Hospital \u201cEmilio Ruffa\u201d.<\/p>\n\n\n\n<p>Ahora, con la sunci\u00f3n de Jos\u00e9 Voytenco, hab\u00eda surgido la incertidumbre de saber si finalmente el nosocomio iba a poder contar con el Arco en C que adem\u00e1s ya fue licitado por la Municipalidad de San Pedro.<\/p>\n\n\n\n<p>El flamante titular de Uatre- Osprera, en la entrevista que brind\u00f3 en el aire de FM G\u00e9nesis, se encarg\u00f3 de asegurar que la misi\u00f3n sigue adelante y pronto el Hospital contar\u00e1 con la aparatolog\u00eda prometida. &nbsp;<\/p>\n\n\n\n<p>\u201cMi primera gesti\u00f3n como Secretario General fue la de autorizar la compra del Arco en C para el hospital de San Pedro, est\u00e1 aprobado\u201d, confirm\u00f3 Voytenco durante la nota.<\/p>\n\n\n\n<p>A la vez volvi\u00f3 a remarcar la excelente relaci\u00f3n que lo une al actual Intendente Salazar y su hijo Ram\u00f3n, actual Secretario de Coordinaci\u00f3n Municipal: \u201cCecilio est\u00e1 en el gremio, nunca se fue, pero est\u00e1 realizando una gran gesti\u00f3n como Intendente y lo veo muy c\u00f3mo en ese lugar, pero si Cecilio o Ram\u00f3n quieren regresar al gremio a m\u00ed me gustar\u00eda, pero son cuestiones que no decido yo sino los afiliados\u201d, manifest\u00f3.<\/p>\n\n\n\n<p>Fuente: <a href=\"https:\/\/www.sanpedroinforma.com.ar\/nota\/123742\/sociedad\/voytenco-mi-primera-gestion-como-secretario-general-fue-la-de-autorizar-la-compra-del-arco-en-c.html\">San Pedro Informa<\/a><\/p>\n","protected":false},"excerpt":{"rendered":"<p>En la entrevista realizada en el aire de FM G\u00e9nesis el titular de la Uatre confirm\u00f3 que est\u00e1 autorizada la compra del arco que antes de su fallecimiento se hab\u00eda comprometido a adquirir Ram\u00f3n Ayala. Semanas antes a su repentino fallecimiento, quien era el Secretario General de la Uatre, Ram\u00f3n Ayala, hab\u00eda oficializado su compromiso [&hellip;]<\/p>\n","protected":false},"author":4,"featured_media":82475,"comment_status":"open","ping_status":"closed","sticky":false,"template":"","format":"standard","meta":{"om_disable_all_campaigns":false,"_jetpack_memberships_contains_paid_content":false,"footnotes":""},"categories":[101,2],"tags":[197,696,33],"class_list":["post-82474","post","type-post","status-publish","format-standard","has-post-thumbnail","hentry","category-interes-general-locales","category-locales","tag-buenos-aires","tag-interes-general","tag-locales"],"aioseo_notices":[],"gutentor_comment":0,"jetpack_featured_media_url":"https:\/\/eldiariodesanpedro.com.ar\/sitio\/wp-content\/uploads\/2020\/10\/000087706.jpg","jetpack_shortlink":"https:\/\/wp.me\/p6RhLt-lse","jetpack_sharing_enabled":true,"_links":{"self":[{"href":"https:\/\/eldiariodesanpedro.com.ar\/sitio\/wp-json\/wp\/v2\/posts\/82474","targetHints":{"allow":["GET"]}}],"collection":[{"href":"https:\/\/eldiariodesanpedro.com.ar\/sitio\/wp-json\/wp\/v2\/posts"}],"about":[{"href":"https:\/\/eldiariodesanpedro.com.ar\/sitio\/wp-json\/wp\/v2\/types\/post"}],"author":[{"embeddable":true,"href":"https:\/\/eldiariodesanpedro.com.ar\/sitio\/wp-json\/wp\/v2\/users\/4"}],"replies":[{"embeddable":true,"href":"https:\/\/eldiariodesanpedro.com.ar\/sitio\/wp-json\/wp\/v2\/comments?post=82474"}],"version-history":[{"count":1,"href":"https:\/\/eldiariodesanpedro.com.ar\/sitio\/wp-json\/wp\/v2\/posts\/82474\/revisions"}],"predecessor-version":[{"id":82476,"href":"https:\/\/eldiariodesanpedro.com.ar\/sitio\/wp-json\/wp\/v2\/posts\/82474\/revisions\/82476"}],"wp:featuredmedia":[{"embeddable":true,"href":"https:\/\/eldiariodesanpedro.com.ar\/sitio\/wp-json\/wp\/v2\/media\/82475"}],"wp:attachment":[{"href":"https:\/\/eldiariodesanpedro.com.ar\/sitio\/wp-json\/wp\/v2\/media?parent=82474"}],"wp:term":[{"taxonomy":"category","embeddable":true,"href":"https:\/\/eldiariodesanpedro.com.ar\/sitio\/wp-json\/wp\/v2\/categories?post=82474"},{"taxonomy":"post_tag","embeddable":true,"href":"https:\/\/eldiariodesanpedro.com.ar\/sitio\/wp-json\/wp\/v2\/tags?post=82474"}],"curies":[{"name":"wp","href":"https:\/\/api.w.org\/{rel}","templated":true}]}}