{"id":82472,"date":"2020-10-20T10:51:21","date_gmt":"2020-10-20T13:51:21","guid":{"rendered":"https:\/\/eldiariodesanpedro.com.ar\/sitio\/?p=82472"},"modified":"2020-10-20T10:51:25","modified_gmt":"2020-10-20T13:51:25","slug":"comenzaron-las-tareas-de-reparacion-en-la-crucero-general-belgrano","status":"publish","type":"post","link":"https:\/\/eldiariodesanpedro.com.ar\/sitio\/comenzaron-las-tareas-de-reparacion-en-la-crucero-general-belgrano\/","title":{"rendered":"Comenzaron las tareas de reparaci\u00f3n en la Crucero General Belgrano"},"content":{"rendered":"<!-- VideographyWP Plugin Message: Automatic video embedding prevented by plugin options. -->\n\n<p>Los mismos operarios de Vialidad que trabajan sobre la Ruta 1001 realizar\u00e1n las obras entre el tramo de la balanza hasta el club Los Andes. Licitar\u00e1n el ingreso a Santa Luc\u00eda.<\/p>\n\n\n\n<p>Las mismas autoridades de Vialidad Nacional que junto al Intendente Salazar d\u00edas atr\u00e1s visitaron las obras de reparaci\u00f3n \u00a0de la Ruta 1001, a la vez confirmaron que se realizar\u00e1 el mismo trabajo sobre el camino Crucero Gral. Belgrano. \u00a0<\/p>\n\n\n\n<p>Esa cinta asf\u00e1ltica fue parte de la misma obra realizada hace tres a\u00f1os atr\u00e1s pero tambi\u00e9n sufri\u00f3 un grave deterioro donde un tramo es pr\u00e1cticamente intransitable.<\/p>\n\n\n\n<p>\u201cSobre Crucero General Belgrano, van a reparar la zona que est\u00e1 entre de la balanza municipal y el Club Los Andes, ya van a arrancar\u201d, dijo el Intendente.<\/p>\n\n\n\n<p>\u201cTambi\u00e9n est\u00e1 solicitada la obra sobre el ingreso a Santa Luc\u00eda que seguramente se va a licitar este a\u00f1o. Est\u00e1 proyectado y el a\u00f1o que viene se podr\u00eda realizar. Lo mismo podr\u00eda suceder con el ingreso a Gdor. Castro\u201d, adelant\u00f3. \u00a0<\/p>\n\n\n\n<p>Fuente: <a href=\"https:\/\/www.sanpedroinforma.com.ar\/nota\/123743\/sociedad\/repararan-el-camino-crucero-gral-belgrano.html\">San Pedro Informa<\/a><\/p>\n","protected":false},"excerpt":{"rendered":"<p>Los mismos operarios de Vialidad que trabajan sobre la Ruta 1001 realizar\u00e1n las obras entre el tramo de la balanza hasta el club Los Andes. Licitar\u00e1n el ingreso a Santa Luc\u00eda. Las mismas autoridades de Vialidad Nacional que junto al Intendente Salazar d\u00edas atr\u00e1s visitaron las obras de reparaci\u00f3n \u00a0de la Ruta 1001, a la [&hellip;]<\/p>\n","protected":false},"author":4,"featured_media":82280,"comment_status":"open","ping_status":"closed","sticky":false,"template":"","format":"standard","meta":{"om_disable_all_campaigns":false,"_jetpack_memberships_contains_paid_content":false,"footnotes":""},"categories":[50,101,2],"tags":[],"class_list":["post-82472","post","type-post","status-publish","format-standard","has-post-thumbnail","hentry","category-destacadas","category-interes-general-locales","category-locales"],"aioseo_notices":[],"gutentor_comment":0,"jetpack_featured_media_url":"https:\/\/eldiariodesanpedro.com.ar\/sitio\/wp-content\/uploads\/2020\/10\/WhatsApp-Image-2020-10-15-at-17.48.53-2.jpeg","jetpack_shortlink":"https:\/\/wp.me\/p6RhLt-lsc","jetpack_sharing_enabled":true,"_links":{"self":[{"href":"https:\/\/eldiariodesanpedro.com.ar\/sitio\/wp-json\/wp\/v2\/posts\/82472","targetHints":{"allow":["GET"]}}],"collection":[{"href":"https:\/\/eldiariodesanpedro.com.ar\/sitio\/wp-json\/wp\/v2\/posts"}],"about":[{"href":"https:\/\/eldiariodesanpedro.com.ar\/sitio\/wp-json\/wp\/v2\/types\/post"}],"author":[{"embeddable":true,"href":"https:\/\/eldiariodesanpedro.com.ar\/sitio\/wp-json\/wp\/v2\/users\/4"}],"replies":[{"embeddable":true,"href":"https:\/\/eldiariodesanpedro.com.ar\/sitio\/wp-json\/wp\/v2\/comments?post=82472"}],"version-history":[{"count":1,"href":"https:\/\/eldiariodesanpedro.com.ar\/sitio\/wp-json\/wp\/v2\/posts\/82472\/revisions"}],"predecessor-version":[{"id":82473,"href":"https:\/\/eldiariodesanpedro.com.ar\/sitio\/wp-json\/wp\/v2\/posts\/82472\/revisions\/82473"}],"wp:featuredmedia":[{"embeddable":true,"href":"https:\/\/eldiariodesanpedro.com.ar\/sitio\/wp-json\/wp\/v2\/media\/82280"}],"wp:attachment":[{"href":"https:\/\/eldiariodesanpedro.com.ar\/sitio\/wp-json\/wp\/v2\/media?parent=82472"}],"wp:term":[{"taxonomy":"category","embeddable":true,"href":"https:\/\/eldiariodesanpedro.com.ar\/sitio\/wp-json\/wp\/v2\/categories?post=82472"},{"taxonomy":"post_tag","embeddable":true,"href":"https:\/\/eldiariodesanpedro.com.ar\/sitio\/wp-json\/wp\/v2\/tags?post=82472"}],"curies":[{"name":"wp","href":"https:\/\/api.w.org\/{rel}","templated":true}]}}