{"id":82469,"date":"2020-10-20T10:43:54","date_gmt":"2020-10-20T13:43:54","guid":{"rendered":"https:\/\/eldiariodesanpedro.com.ar\/sitio\/?p=82469"},"modified":"2020-10-20T10:43:58","modified_gmt":"2020-10-20T13:43:58","slug":"el-jefe-de-la-policia-juan-catalano-dio-positivo-de-coronavirus","status":"publish","type":"post","link":"https:\/\/eldiariodesanpedro.com.ar\/sitio\/el-jefe-de-la-policia-juan-catalano-dio-positivo-de-coronavirus\/","title":{"rendered":"El jefe de la polic\u00eda Juan Catalano dio positivo de coronavirus"},"content":{"rendered":"<!-- VideographyWP Plugin Message: Automatic video embedding prevented by plugin options. -->\n\n<p>El jefe de la departamental de San Pedro fue hisopado la semana pasada y en la jornada de hoy se recibi\u00f3 su resultado dando positivo.<\/p>\n\n\n\n<p>El comisario Catalano la semana pasada presento s\u00edntomas compatibles con coronavirus quedando aislado y siendo hisopado el pasado viernes.<\/p>\n\n\n\n<p>Seg\u00fan pudo informar durante el fin de semana el comisaria perdi\u00f3 el gusto y olfato y represento s\u00edntomas de descompostura estomacal aparte de fiebre y dolor de garganta.<\/p>\n","protected":false},"excerpt":{"rendered":"<p>El jefe de la departamental de San Pedro fue hisopado la semana pasada y en la jornada de hoy se recibi\u00f3 su resultado dando positivo. El comisario Catalano la semana pasada presento s\u00edntomas compatibles con coronavirus quedando aislado y siendo hisopado el pasado viernes. Seg\u00fan pudo informar durante el fin de semana el comisaria perdi\u00f3 [&hellip;]<\/p>\n","protected":false},"author":4,"featured_media":82470,"comment_status":"open","ping_status":"closed","sticky":false,"template":"","format":"standard","meta":{"om_disable_all_campaigns":false,"_jetpack_memberships_contains_paid_content":false,"footnotes":""},"categories":[50,101,2],"tags":[197,696,33],"class_list":["post-82469","post","type-post","status-publish","format-standard","has-post-thumbnail","hentry","category-destacadas","category-interes-general-locales","category-locales","tag-buenos-aires","tag-interes-general","tag-locales"],"aioseo_notices":[],"gutentor_comment":0,"jetpack_featured_media_url":"https:\/\/eldiariodesanpedro.com.ar\/sitio\/wp-content\/uploads\/2020\/10\/000072656.jpg","jetpack_shortlink":"https:\/\/wp.me\/p6RhLt-ls9","jetpack_sharing_enabled":true,"_links":{"self":[{"href":"https:\/\/eldiariodesanpedro.com.ar\/sitio\/wp-json\/wp\/v2\/posts\/82469","targetHints":{"allow":["GET"]}}],"collection":[{"href":"https:\/\/eldiariodesanpedro.com.ar\/sitio\/wp-json\/wp\/v2\/posts"}],"about":[{"href":"https:\/\/eldiariodesanpedro.com.ar\/sitio\/wp-json\/wp\/v2\/types\/post"}],"author":[{"embeddable":true,"href":"https:\/\/eldiariodesanpedro.com.ar\/sitio\/wp-json\/wp\/v2\/users\/4"}],"replies":[{"embeddable":true,"href":"https:\/\/eldiariodesanpedro.com.ar\/sitio\/wp-json\/wp\/v2\/comments?post=82469"}],"version-history":[{"count":1,"href":"https:\/\/eldiariodesanpedro.com.ar\/sitio\/wp-json\/wp\/v2\/posts\/82469\/revisions"}],"predecessor-version":[{"id":82471,"href":"https:\/\/eldiariodesanpedro.com.ar\/sitio\/wp-json\/wp\/v2\/posts\/82469\/revisions\/82471"}],"wp:featuredmedia":[{"embeddable":true,"href":"https:\/\/eldiariodesanpedro.com.ar\/sitio\/wp-json\/wp\/v2\/media\/82470"}],"wp:attachment":[{"href":"https:\/\/eldiariodesanpedro.com.ar\/sitio\/wp-json\/wp\/v2\/media?parent=82469"}],"wp:term":[{"taxonomy":"category","embeddable":true,"href":"https:\/\/eldiariodesanpedro.com.ar\/sitio\/wp-json\/wp\/v2\/categories?post=82469"},{"taxonomy":"post_tag","embeddable":true,"href":"https:\/\/eldiariodesanpedro.com.ar\/sitio\/wp-json\/wp\/v2\/tags?post=82469"}],"curies":[{"name":"wp","href":"https:\/\/api.w.org\/{rel}","templated":true}]}}