{"id":82465,"date":"2020-10-20T10:36:27","date_gmt":"2020-10-20T13:36:27","guid":{"rendered":"https:\/\/eldiariodesanpedro.com.ar\/sitio\/?p=82465"},"modified":"2020-10-20T10:36:30","modified_gmt":"2020-10-20T13:36:30","slug":"san-pedro-oficializo-el-cumplimiento-del-cupo-trans-en-la-administracion-publica","status":"publish","type":"post","link":"https:\/\/eldiariodesanpedro.com.ar\/sitio\/san-pedro-oficializo-el-cumplimiento-del-cupo-trans-en-la-administracion-publica\/","title":{"rendered":"San Pedro oficializ\u00f3 el cumplimiento del cupo trans en la administraci\u00f3n p\u00fablica"},"content":{"rendered":"<!-- VideographyWP Plugin Message: Automatic video embedding prevented by plugin options. -->\n\n<p>La Municipalidad de San Pedro oficializ\u00f3 el ingreso de dos personas que se incorporan a la planta de personal, haciendo efectivo el cumplimiento de la Ley 14.783, que determina que el 1% de los empleos de la administraci\u00f3n p\u00fablica sean ocupados por personas travestis, transexuales o transg\u00e9nero,&nbsp; y la ordenanza 6.424, que adhiri\u00f3 a nivel local a tal legislaci\u00f3n.<\/p>\n\n\n\n<p>Este lunes, el Intendente Cecilio Salazar recibi\u00f3 en su despacho, junto a la Subsecretaria de Desarrollo Humano Laura Monfasani responsable de la implementaci\u00f3n del \u00c1rea de Violencia de G\u00e9nero y Diversidad Sexual, a Vanesa quien ingresa por el cupo trans, quien estuvo acompa\u00f1ada por la titular de la Cruz Roja San Pedro Marisa Garc\u00eda y por un colaborador del \u00e1rea municipal. Adem\u00e1s, junto a este caso, se ha incorporado a la planta municipal a una v\u00edctima de violencia de g\u00e9nero.<\/p>\n\n\n\n<p>De acuerdo a lo que expresa la ordenanza aprobada por el HCD en febrero de este a\u00f1o por unanimidad, y tras un amplio trabajo en comisi\u00f3n en el que se realizaron aportes desde diferentes sectores,&nbsp; adem\u00e1s de esta incorporaci\u00f3n, desde el \u00e1rea espec\u00edfica que trata el tema dentro de DH, permanece abierto un registro para que informen sus datos personales y curr\u00edculums, a los efectos de ser tenidos en cuenta ante nuevas vacantes.<\/p>\n\n\n\n<p>En este sentido se contin\u00faa trabajando en diferentes aspectos que fortalecen la igualdad de oportunidades con una perspectiva que es compartida adem\u00e1s con organizaciones y sectores importantes de nuestra comunidad, para\u00a0 promover la inserci\u00f3n laboral equitativa e igualitaria.<\/p>\n\n\n\n<figure class=\"wp-block-image size-large\"><img decoding=\"async\" width=\"1024\" height=\"531\" data-attachment-id=\"82467\" data-permalink=\"https:\/\/eldiariodesanpedro.com.ar\/sitio\/san-pedro-oficializo-el-cumplimiento-del-cupo-trans-en-la-administracion-publica\/bi4a7912\/\" data-orig-file=\"https:\/\/eldiariodesanpedro.com.ar\/sitio\/wp-content\/uploads\/2020\/10\/BI4A7912-scaled.jpg\" data-orig-size=\"2560,1328\" data-comments-opened=\"1\" data-image-meta=\"{&quot;aperture&quot;:&quot;4&quot;,&quot;credit&quot;:&quot;&quot;,&quot;camera&quot;:&quot;Canon EOS 5D Mark III&quot;,&quot;caption&quot;:&quot;&quot;,&quot;created_timestamp&quot;:&quot;1610808418&quot;,&quot;copyright&quot;:&quot;&quot;,&quot;focal_length&quot;:&quot;24&quot;,&quot;iso&quot;:&quot;1600&quot;,&quot;shutter_speed&quot;:&quot;0.016666666666667&quot;,&quot;title&quot;:&quot;&quot;,&quot;orientation&quot;:&quot;0&quot;}\" data-image-title=\"BI4A7912\" data-image-description=\"\" data-image-caption=\"\" data-large-file=\"https:\/\/eldiariodesanpedro.com.ar\/sitio\/wp-content\/uploads\/2020\/10\/BI4A7912-1024x531.jpg\" data-src=\"https:\/\/eldiariodesanpedro.com.ar\/sitio\/wp-content\/uploads\/2020\/10\/BI4A7912-1024x531.jpg\" alt=\"\" class=\"wp-image-82467 lazyload\" data-srcset=\"https:\/\/eldiariodesanpedro.com.ar\/sitio\/wp-content\/uploads\/2020\/10\/BI4A7912-1024x531.jpg 1024w, https:\/\/eldiariodesanpedro.com.ar\/sitio\/wp-content\/uploads\/2020\/10\/BI4A7912-300x156.jpg 300w, https:\/\/eldiariodesanpedro.com.ar\/sitio\/wp-content\/uploads\/2020\/10\/BI4A7912-768x398.jpg 768w, https:\/\/eldiariodesanpedro.com.ar\/sitio\/wp-content\/uploads\/2020\/10\/BI4A7912-1536x797.jpg 1536w, https:\/\/eldiariodesanpedro.com.ar\/sitio\/wp-content\/uploads\/2020\/10\/BI4A7912-2048x1062.jpg 2048w\" data-sizes=\"(max-width: 1024px) 100vw, 1024px\" src=\"data:image\/svg+xml;base64,PHN2ZyB3aWR0aD0iMSIgaGVpZ2h0PSIxIiB4bWxucz0iaHR0cDovL3d3dy53My5vcmcvMjAwMC9zdmciPjwvc3ZnPg==\" style=\"--smush-placeholder-width: 1024px; --smush-placeholder-aspect-ratio: 1024\/531;\" \/><\/figure>\n","protected":false},"excerpt":{"rendered":"<p>La Municipalidad de San Pedro oficializ\u00f3 el ingreso de dos personas que se incorporan a la planta de personal, haciendo efectivo el cumplimiento de la Ley 14.783, que determina que el 1% de los empleos de la administraci\u00f3n p\u00fablica sean ocupados por personas travestis, transexuales o transg\u00e9nero,&nbsp; y la ordenanza 6.424, que adhiri\u00f3 a nivel [&hellip;]<\/p>\n","protected":false},"author":4,"featured_media":82466,"comment_status":"open","ping_status":"closed","sticky":false,"template":"","format":"standard","meta":{"om_disable_all_campaigns":false,"_jetpack_memberships_contains_paid_content":false,"footnotes":""},"categories":[50,101,2],"tags":[197,696,33],"class_list":["post-82465","post","type-post","status-publish","format-standard","has-post-thumbnail","hentry","category-destacadas","category-interes-general-locales","category-locales","tag-buenos-aires","tag-interes-general","tag-locales"],"aioseo_notices":[],"gutentor_comment":0,"jetpack_featured_media_url":"https:\/\/eldiariodesanpedro.com.ar\/sitio\/wp-content\/uploads\/2020\/10\/BI4A7921-scaled.jpg","jetpack_shortlink":"https:\/\/wp.me\/p6RhLt-ls5","jetpack_sharing_enabled":true,"_links":{"self":[{"href":"https:\/\/eldiariodesanpedro.com.ar\/sitio\/wp-json\/wp\/v2\/posts\/82465","targetHints":{"allow":["GET"]}}],"collection":[{"href":"https:\/\/eldiariodesanpedro.com.ar\/sitio\/wp-json\/wp\/v2\/posts"}],"about":[{"href":"https:\/\/eldiariodesanpedro.com.ar\/sitio\/wp-json\/wp\/v2\/types\/post"}],"author":[{"embeddable":true,"href":"https:\/\/eldiariodesanpedro.com.ar\/sitio\/wp-json\/wp\/v2\/users\/4"}],"replies":[{"embeddable":true,"href":"https:\/\/eldiariodesanpedro.com.ar\/sitio\/wp-json\/wp\/v2\/comments?post=82465"}],"version-history":[{"count":1,"href":"https:\/\/eldiariodesanpedro.com.ar\/sitio\/wp-json\/wp\/v2\/posts\/82465\/revisions"}],"predecessor-version":[{"id":82468,"href":"https:\/\/eldiariodesanpedro.com.ar\/sitio\/wp-json\/wp\/v2\/posts\/82465\/revisions\/82468"}],"wp:featuredmedia":[{"embeddable":true,"href":"https:\/\/eldiariodesanpedro.com.ar\/sitio\/wp-json\/wp\/v2\/media\/82466"}],"wp:attachment":[{"href":"https:\/\/eldiariodesanpedro.com.ar\/sitio\/wp-json\/wp\/v2\/media?parent=82465"}],"wp:term":[{"taxonomy":"category","embeddable":true,"href":"https:\/\/eldiariodesanpedro.com.ar\/sitio\/wp-json\/wp\/v2\/categories?post=82465"},{"taxonomy":"post_tag","embeddable":true,"href":"https:\/\/eldiariodesanpedro.com.ar\/sitio\/wp-json\/wp\/v2\/tags?post=82465"}],"curies":[{"name":"wp","href":"https:\/\/api.w.org\/{rel}","templated":true}]}}