{"id":82447,"date":"2020-10-19T18:02:12","date_gmt":"2020-10-19T21:02:12","guid":{"rendered":"https:\/\/eldiariodesanpedro.com.ar\/sitio\/?p=82447"},"modified":"2020-10-19T18:02:15","modified_gmt":"2020-10-19T21:02:15","slug":"edicto-de-sepulcro-de-eduardo-cristhian-nielsen-y-matilde-victoria-party-de-nielsen","status":"publish","type":"post","link":"https:\/\/eldiariodesanpedro.com.ar\/sitio\/edicto-de-sepulcro-de-eduardo-cristhian-nielsen-y-matilde-victoria-party-de-nielsen\/","title":{"rendered":"Edicto de Sepulcro de Eduardo Cristhian Nielsen y Matilde Victoria Party de Nielsen"},"content":{"rendered":"<!-- VideographyWP Plugin Message: Automatic video embedding prevented by plugin options. -->\n\n<p>MUNICIPALIDAD DE BARADERO, cita y emplaza por treinta ( 30 ) d\u00edas\u00a0a quienes se consideren con derecho\u00a0 sobre sepulcro s\u00f3tano ubicado en Secci\u00f3n 16 lote 1 que fuera transferido\u00a0 a perpetuidad\u00a0 a los Sres. <strong>Eduardo Cristhian Nielsen y Matilde Victoria Party de Nielsen<\/strong>\u00a0a perpetuidad el d\u00eda 10 de Setiembre de 1910, seg\u00fan t\u00edtulo\u00a0114, registrado al Folio 109 del Libro 3, del registro del cementerio local cta.19000005371. La transferencia figura en el libro 14 de folio 51.- Baradero 19 de Octubre de 2020.<\/p>\n\n\n\n<p>DARIO HUGO MIRANDA\u00a0<br>ABOGADO<br>MUNICIPALIDAD DE BARADERO\u00a0<\/p>\n","protected":false},"excerpt":{"rendered":"<p>MUNICIPALIDAD DE BARADERO, cita y emplaza por treinta ( 30 ) d\u00edas\u00a0a quienes se consideren con derecho\u00a0 sobre sepulcro s\u00f3tano ubicado en Secci\u00f3n 16 lote 1 que fuera transferido\u00a0 a perpetuidad\u00a0 a los Sres. Eduardo Cristhian Nielsen y Matilde Victoria Party de Nielsen\u00a0a perpetuidad el d\u00eda 10 de Setiembre de 1910, seg\u00fan t\u00edtulo\u00a0114, registrado al [&hellip;]<\/p>\n","protected":false},"author":4,"featured_media":81115,"comment_status":"open","ping_status":"closed","sticky":false,"template":"","format":"standard","meta":{"om_disable_all_campaigns":false,"_jetpack_memberships_contains_paid_content":false,"footnotes":""},"categories":[676,1124],"tags":[139,597,1121,1840,1355,1786],"class_list":["post-82447","post","type-post","status-publish","format-standard","has-post-thumbnail","hentry","category-edictos","category-edictos-especiales","tag-baradero","tag-cementerio","tag-edicto","tag-eduardo-cristhian-nielsen-y-matilde-victoria-party-de-nielsen","tag-judiciales","tag-sepulcro"],"aioseo_notices":[],"gutentor_comment":0,"jetpack_featured_media_url":"https:\/\/eldiariodesanpedro.com.ar\/sitio\/wp-content\/uploads\/2020\/09\/Poder-Judicial.jpg","jetpack_shortlink":"https:\/\/wp.me\/p6RhLt-lrN","jetpack_sharing_enabled":true,"_links":{"self":[{"href":"https:\/\/eldiariodesanpedro.com.ar\/sitio\/wp-json\/wp\/v2\/posts\/82447","targetHints":{"allow":["GET"]}}],"collection":[{"href":"https:\/\/eldiariodesanpedro.com.ar\/sitio\/wp-json\/wp\/v2\/posts"}],"about":[{"href":"https:\/\/eldiariodesanpedro.com.ar\/sitio\/wp-json\/wp\/v2\/types\/post"}],"author":[{"embeddable":true,"href":"https:\/\/eldiariodesanpedro.com.ar\/sitio\/wp-json\/wp\/v2\/users\/4"}],"replies":[{"embeddable":true,"href":"https:\/\/eldiariodesanpedro.com.ar\/sitio\/wp-json\/wp\/v2\/comments?post=82447"}],"version-history":[{"count":1,"href":"https:\/\/eldiariodesanpedro.com.ar\/sitio\/wp-json\/wp\/v2\/posts\/82447\/revisions"}],"predecessor-version":[{"id":82448,"href":"https:\/\/eldiariodesanpedro.com.ar\/sitio\/wp-json\/wp\/v2\/posts\/82447\/revisions\/82448"}],"wp:featuredmedia":[{"embeddable":true,"href":"https:\/\/eldiariodesanpedro.com.ar\/sitio\/wp-json\/wp\/v2\/media\/81115"}],"wp:attachment":[{"href":"https:\/\/eldiariodesanpedro.com.ar\/sitio\/wp-json\/wp\/v2\/media?parent=82447"}],"wp:term":[{"taxonomy":"category","embeddable":true,"href":"https:\/\/eldiariodesanpedro.com.ar\/sitio\/wp-json\/wp\/v2\/categories?post=82447"},{"taxonomy":"post_tag","embeddable":true,"href":"https:\/\/eldiariodesanpedro.com.ar\/sitio\/wp-json\/wp\/v2\/tags?post=82447"}],"curies":[{"name":"wp","href":"https:\/\/api.w.org\/{rel}","templated":true}]}}