{"id":82443,"date":"2020-10-19T12:27:03","date_gmt":"2020-10-19T15:27:03","guid":{"rendered":"https:\/\/eldiariodesanpedro.com.ar\/sitio\/?p=82443"},"modified":"2020-10-19T12:27:08","modified_gmt":"2020-10-19T15:27:08","slug":"analizan-retirar-los-retenes-de-los-accesos","status":"publish","type":"post","link":"https:\/\/eldiariodesanpedro.com.ar\/sitio\/analizan-retirar-los-retenes-de-los-accesos\/","title":{"rendered":"Analizan retirar los retenes de los accesos"},"content":{"rendered":"<!-- VideographyWP Plugin Message: Automatic video embedding prevented by plugin options. -->\n\n<p>En la jornada de hoy se realizo una conferencia de prensa en el hospital local donde el Intendente Cecilio Salazar hablo de varias cuestiones de nuestra ciudad en referencia a la pandemia y una de ellas fue retirar los retenes de accesos debido a la apertura del turismo en los pr\u00f3ximos d\u00edas.<\/p>\n\n\n\n<p>Salazar hizo referencia que en la jornada de hoy el Gobernador Axel Kichilof presentara la apertura de la temporada de verano y la libre circulaci\u00f3n para el turismo a partir del 1 de diciembre, y el turismo interno dentro de la provincia desde el 1 de Noviembre, por lo que estar\u00eda viendo necesario retirar de los accesos los controles y de esta manera permitir el acceso de los turistas a la ciudad.<\/p>\n\n\n\n<p>\u00abEstamos viendo para poder retirar los retenes en los accesos de la ciudad teniendo en cuenta lo que anunciara el gobernador el d\u00eda de hoy, somos los \u00fanico junto a Baradero en la regi\u00f3n que tienen controles en las entradas a las ciudades, por eso en estos d\u00edas me voy a comunicar con Esteban Sanzio para coordinar que ambas ciudades quiten los retenes\u00bb, Se refiri\u00f3 Salazar.<\/p>\n\n\n\n<p>Tambi\u00e9n agrego \u00abhace dos semanas los ciudadanos informaron de una gran cantidad de turistas en la localidad, eso se debe que mucha gente que viene de afuera ingresa por los camiones alternativos y rurales de esa manera evitan los retenes en los accesos, por eso es que ya no estar\u00eda teniendo sentido y eso sumado a la habilitaci\u00f3n del turismo interno ya no ser\u00e1n necesarios\u00bb.<\/p>\n","protected":false},"excerpt":{"rendered":"<p>En la jornada de hoy se realizo una conferencia de prensa en el hospital local donde el Intendente Cecilio Salazar hablo de varias cuestiones de nuestra ciudad en referencia a la pandemia y una de ellas fue retirar los retenes de accesos debido a la apertura del turismo en los pr\u00f3ximos d\u00edas. Salazar hizo referencia [&hellip;]<\/p>\n","protected":false},"author":4,"featured_media":71649,"comment_status":"open","ping_status":"closed","sticky":false,"template":"","format":"standard","meta":{"om_disable_all_campaigns":false,"_jetpack_memberships_contains_paid_content":false,"footnotes":""},"categories":[50,101,2],"tags":[197,696,33],"class_list":["post-82443","post","type-post","status-publish","format-standard","has-post-thumbnail","hentry","category-destacadas","category-interes-general-locales","category-locales","tag-buenos-aires","tag-interes-general","tag-locales"],"aioseo_notices":[],"gutentor_comment":0,"jetpack_featured_media_url":"https:\/\/eldiariodesanpedro.com.ar\/sitio\/wp-content\/uploads\/2020\/04\/DSC_0021-scaled-e1603121165175.jpg","jetpack_shortlink":"https:\/\/wp.me\/p6RhLt-lrJ","jetpack_sharing_enabled":true,"_links":{"self":[{"href":"https:\/\/eldiariodesanpedro.com.ar\/sitio\/wp-json\/wp\/v2\/posts\/82443","targetHints":{"allow":["GET"]}}],"collection":[{"href":"https:\/\/eldiariodesanpedro.com.ar\/sitio\/wp-json\/wp\/v2\/posts"}],"about":[{"href":"https:\/\/eldiariodesanpedro.com.ar\/sitio\/wp-json\/wp\/v2\/types\/post"}],"author":[{"embeddable":true,"href":"https:\/\/eldiariodesanpedro.com.ar\/sitio\/wp-json\/wp\/v2\/users\/4"}],"replies":[{"embeddable":true,"href":"https:\/\/eldiariodesanpedro.com.ar\/sitio\/wp-json\/wp\/v2\/comments?post=82443"}],"version-history":[{"count":1,"href":"https:\/\/eldiariodesanpedro.com.ar\/sitio\/wp-json\/wp\/v2\/posts\/82443\/revisions"}],"predecessor-version":[{"id":82444,"href":"https:\/\/eldiariodesanpedro.com.ar\/sitio\/wp-json\/wp\/v2\/posts\/82443\/revisions\/82444"}],"wp:featuredmedia":[{"embeddable":true,"href":"https:\/\/eldiariodesanpedro.com.ar\/sitio\/wp-json\/wp\/v2\/media\/71649"}],"wp:attachment":[{"href":"https:\/\/eldiariodesanpedro.com.ar\/sitio\/wp-json\/wp\/v2\/media?parent=82443"}],"wp:term":[{"taxonomy":"category","embeddable":true,"href":"https:\/\/eldiariodesanpedro.com.ar\/sitio\/wp-json\/wp\/v2\/categories?post=82443"},{"taxonomy":"post_tag","embeddable":true,"href":"https:\/\/eldiariodesanpedro.com.ar\/sitio\/wp-json\/wp\/v2\/tags?post=82443"}],"curies":[{"name":"wp","href":"https:\/\/api.w.org\/{rel}","templated":true}]}}