{"id":82440,"date":"2020-10-19T12:06:52","date_gmt":"2020-10-19T15:06:52","guid":{"rendered":"https:\/\/eldiariodesanpedro.com.ar\/sitio\/?p=82440"},"modified":"2020-10-19T12:06:59","modified_gmt":"2020-10-19T15:06:59","slug":"el-intendente-presento-dos-nuevas-camas-de-terapia-intensivas-en-el-hospital","status":"publish","type":"post","link":"https:\/\/eldiariodesanpedro.com.ar\/sitio\/el-intendente-presento-dos-nuevas-camas-de-terapia-intensivas-en-el-hospital\/","title":{"rendered":"El intendente presento dos nuevas camas de terapia intensivas en el hospital"},"content":{"rendered":"<!-- VideographyWP Plugin Message: Automatic video embedding prevented by plugin options. -->\n\n<p>El intendente Cecilio Salazar realiz\u00f3 una recorrida por el hospital Emilio Ruffa junto al Director del Hospital Javier Sualdea y el contador de la municipalidad Silvio Jaime para controlar la situaci\u00f3n del nosocomio y adem\u00e1s la puesta en marcha de dos nuevas camas para la terapia intensiva.&nbsp;<\/p>\n\n\n\n<p>En la ma\u00f1ana de este lunes el jefe comunal realiz\u00f3 una recorrida por el hospital local y present\u00f3 en conferencia de prensa la habilitaci\u00f3n de dos nuevas camas en el sector de UTI que ayudar\u00e1n a evitar el colapso del mismo como ocurri\u00f3 hace un par de semanas cuando debieron trasladar a personas a otras ciudades o a otros centros m\u00e9dicos de la nuestra ciudad.<\/p>\n\n\n\n<p>El Intendente se refiri\u00f3 \u201choy ponemos en marcha dos nuevas camas de terapia intensiva, es la primera vez luego de 35 a\u00f1os que no se sumaban camas al sector de UTI y hoy despu\u00e9s terminar algunas cosas se reactivar\u00e1 ese sector\u201d, adem\u00e1s agrego \u201cuna de las patas de nuestra gesti\u00f3n estuvo basadas en el sector salud que fue lo que venimos manteniendo y mejorando volcando much\u00edsimos recursos durante los primeros cuatro a\u00f1os y este tambi\u00e9n llevando invertidos m\u00e1s de 150 millones de pesos aparte de los sueldos de los empleados\u201d.&nbsp;<\/p>\n\n\n\n<p>Adem\u00e1s el Doctor Javier Sualdea director del nosocomio local inform\u00f3 sobre las refacciones a realizarse a fines de diciembre o principio de enero de 12 habitaciones en el sector de internaci\u00f3n.<\/p>\n","protected":false},"excerpt":{"rendered":"<p>El intendente Cecilio Salazar realiz\u00f3 una recorrida por el hospital Emilio Ruffa junto al Director del Hospital Javier Sualdea y el contador de la municipalidad Silvio Jaime para controlar la situaci\u00f3n del nosocomio y adem\u00e1s la puesta en marcha de dos nuevas camas para la terapia intensiva.&nbsp; En la ma\u00f1ana de este lunes el jefe [&hellip;]<\/p>\n","protected":false},"author":4,"featured_media":82441,"comment_status":"open","ping_status":"closed","sticky":false,"template":"","format":"standard","meta":{"om_disable_all_campaigns":false,"_jetpack_memberships_contains_paid_content":false,"footnotes":""},"categories":[101,2],"tags":[197,696,33],"class_list":["post-82440","post","type-post","status-publish","format-standard","has-post-thumbnail","hentry","category-interes-general-locales","category-locales","tag-buenos-aires","tag-interes-general","tag-locales"],"aioseo_notices":[],"gutentor_comment":0,"jetpack_featured_media_url":"https:\/\/eldiariodesanpedro.com.ar\/sitio\/wp-content\/uploads\/2020\/10\/WhatsApp-Image-2020-10-19-at-11.58.29.jpeg","jetpack_shortlink":"https:\/\/wp.me\/p6RhLt-lrG","jetpack_sharing_enabled":true,"_links":{"self":[{"href":"https:\/\/eldiariodesanpedro.com.ar\/sitio\/wp-json\/wp\/v2\/posts\/82440","targetHints":{"allow":["GET"]}}],"collection":[{"href":"https:\/\/eldiariodesanpedro.com.ar\/sitio\/wp-json\/wp\/v2\/posts"}],"about":[{"href":"https:\/\/eldiariodesanpedro.com.ar\/sitio\/wp-json\/wp\/v2\/types\/post"}],"author":[{"embeddable":true,"href":"https:\/\/eldiariodesanpedro.com.ar\/sitio\/wp-json\/wp\/v2\/users\/4"}],"replies":[{"embeddable":true,"href":"https:\/\/eldiariodesanpedro.com.ar\/sitio\/wp-json\/wp\/v2\/comments?post=82440"}],"version-history":[{"count":1,"href":"https:\/\/eldiariodesanpedro.com.ar\/sitio\/wp-json\/wp\/v2\/posts\/82440\/revisions"}],"predecessor-version":[{"id":82442,"href":"https:\/\/eldiariodesanpedro.com.ar\/sitio\/wp-json\/wp\/v2\/posts\/82440\/revisions\/82442"}],"wp:featuredmedia":[{"embeddable":true,"href":"https:\/\/eldiariodesanpedro.com.ar\/sitio\/wp-json\/wp\/v2\/media\/82441"}],"wp:attachment":[{"href":"https:\/\/eldiariodesanpedro.com.ar\/sitio\/wp-json\/wp\/v2\/media?parent=82440"}],"wp:term":[{"taxonomy":"category","embeddable":true,"href":"https:\/\/eldiariodesanpedro.com.ar\/sitio\/wp-json\/wp\/v2\/categories?post=82440"},{"taxonomy":"post_tag","embeddable":true,"href":"https:\/\/eldiariodesanpedro.com.ar\/sitio\/wp-json\/wp\/v2\/tags?post=82440"}],"curies":[{"name":"wp","href":"https:\/\/api.w.org\/{rel}","templated":true}]}}