{"id":82437,"date":"2020-10-19T11:06:10","date_gmt":"2020-10-19T14:06:10","guid":{"rendered":"https:\/\/eldiariodesanpedro.com.ar\/sitio\/?p=82437"},"modified":"2020-10-19T11:20:45","modified_gmt":"2020-10-19T14:20:45","slug":"capacitacion-practica-en-el-control-de-incendios","status":"publish","type":"post","link":"https:\/\/eldiariodesanpedro.com.ar\/sitio\/capacitacion-practica-en-el-control-de-incendios\/","title":{"rendered":"Capacitaci\u00f3n pr\u00e1ctica en el control de incendios"},"content":{"rendered":"<!-- VideographyWP Plugin Message: Automatic video embedding prevented by plugin options. -->\n\n<p>La Brigada de Incendios del Palacio Municipal llev\u00f3 adelante una capacitaci\u00f3n pr\u00e1ctica para el control de incendios ante un eventual siniestro en el edificio.<br><br>Este equipo conformado por personal municipal, bajo la supervisi\u00f3n del Vicepresidente de los Bomberos Voluntarios de San Pedro y Lic. en Seguridad e Higiene en el Trabajo, Marcelo Duarte, particip\u00f3 de esta capacitaci\u00f3n que tiene como objetivo principal planificar anticipadamente las diferentes alternativas y acciones a seguir por los equipos de evacuaci\u00f3n ante un eventual incendio.<\/p>\n\n\n\n<p>Adem\u00e1s asegurar la r\u00e1pida y efectiva evacuaci\u00f3n del edificio preservando la salud e integridad de las personas presentes en el momento de un siniestro y el mantenimiento de instalaciones, equipos y sistemas con un control rutinario de los equipos.<\/p>\n","protected":false},"excerpt":{"rendered":"<p>La Brigada de Incendios del Palacio Municipal llev\u00f3 adelante una capacitaci\u00f3n pr\u00e1ctica para el control de incendios ante un eventual siniestro en el edificio. Este equipo conformado por personal municipal, bajo la supervisi\u00f3n del Vicepresidente de los Bomberos Voluntarios de San Pedro y Lic. en Seguridad e Higiene en el Trabajo, Marcelo Duarte, particip\u00f3 de [&hellip;]<\/p>\n","protected":false},"author":4,"featured_media":82438,"comment_status":"open","ping_status":"closed","sticky":false,"template":"","format":"standard","meta":{"om_disable_all_campaigns":false,"_jetpack_memberships_contains_paid_content":false,"footnotes":""},"categories":[101,2],"tags":[197,696,33],"class_list":["post-82437","post","type-post","status-publish","format-standard","has-post-thumbnail","hentry","category-interes-general-locales","category-locales","tag-buenos-aires","tag-interes-general","tag-locales"],"aioseo_notices":[],"gutentor_comment":0,"jetpack_featured_media_url":"https:\/\/eldiariodesanpedro.com.ar\/sitio\/wp-content\/uploads\/2020\/10\/121643007_3429298683831449_7206730269510385483_o-e1603117117616.jpg","jetpack_shortlink":"https:\/\/wp.me\/p6RhLt-lrD","jetpack_sharing_enabled":true,"_links":{"self":[{"href":"https:\/\/eldiariodesanpedro.com.ar\/sitio\/wp-json\/wp\/v2\/posts\/82437","targetHints":{"allow":["GET"]}}],"collection":[{"href":"https:\/\/eldiariodesanpedro.com.ar\/sitio\/wp-json\/wp\/v2\/posts"}],"about":[{"href":"https:\/\/eldiariodesanpedro.com.ar\/sitio\/wp-json\/wp\/v2\/types\/post"}],"author":[{"embeddable":true,"href":"https:\/\/eldiariodesanpedro.com.ar\/sitio\/wp-json\/wp\/v2\/users\/4"}],"replies":[{"embeddable":true,"href":"https:\/\/eldiariodesanpedro.com.ar\/sitio\/wp-json\/wp\/v2\/comments?post=82437"}],"version-history":[{"count":1,"href":"https:\/\/eldiariodesanpedro.com.ar\/sitio\/wp-json\/wp\/v2\/posts\/82437\/revisions"}],"predecessor-version":[{"id":82439,"href":"https:\/\/eldiariodesanpedro.com.ar\/sitio\/wp-json\/wp\/v2\/posts\/82437\/revisions\/82439"}],"wp:featuredmedia":[{"embeddable":true,"href":"https:\/\/eldiariodesanpedro.com.ar\/sitio\/wp-json\/wp\/v2\/media\/82438"}],"wp:attachment":[{"href":"https:\/\/eldiariodesanpedro.com.ar\/sitio\/wp-json\/wp\/v2\/media?parent=82437"}],"wp:term":[{"taxonomy":"category","embeddable":true,"href":"https:\/\/eldiariodesanpedro.com.ar\/sitio\/wp-json\/wp\/v2\/categories?post=82437"},{"taxonomy":"post_tag","embeddable":true,"href":"https:\/\/eldiariodesanpedro.com.ar\/sitio\/wp-json\/wp\/v2\/tags?post=82437"}],"curies":[{"name":"wp","href":"https:\/\/api.w.org\/{rel}","templated":true}]}}