{"id":82413,"date":"2020-10-19T09:23:49","date_gmt":"2020-10-19T12:23:49","guid":{"rendered":"https:\/\/eldiariodesanpedro.com.ar\/sitio\/?p=82413"},"modified":"2020-10-19T10:11:39","modified_gmt":"2020-10-19T13:11:39","slug":"un-hombre-de-38-anos-detenido-por-intentar-abusar-sexualmente-de-una-nina-de-13-anos","status":"publish","type":"post","link":"https:\/\/eldiariodesanpedro.com.ar\/sitio\/un-hombre-de-38-anos-detenido-por-intentar-abusar-sexualmente-de-una-nina-de-13-anos\/","title":{"rendered":"Un hombre de 38 a\u00f1os detenido por intentar abusar sexualmente de una ni\u00f1a de 13 a\u00f1os"},"content":{"rendered":"<!-- VideographyWP Plugin Message: Automatic video embedding prevented by plugin options. -->\n\n<p>En la jornada de ayer ocurri\u00f3 un grave hecho en nuestra ciudad donde un hombre intent\u00f3 abusar sexualmente de una ni\u00f1a menor de edad.<\/p>\n\n\n\n<p>El hecho tuvo lugar esta tarde de domingo en una vivienda ubicada en calle Goycochea al 900, donde un hombre de alrededor de 38 a\u00f1os de edad habr\u00eda intentado abusar sexualmente de una ni\u00f1a de tan solo 13 a\u00f1os.<\/p>\n\n\n\n<p>Los vecinos debieron intervenir antes los gritos de auxilio de la madre de la menor logrando reducir a golpes al violador hasta la llegada de los m\u00f3viles policiales cuando fue esposado y trasladado a la comisaria local.<\/p>\n\n\n\n<p>El aprehendido no ser\u00eda familiar de la joven y ser\u00eda amigo de su padre.<\/p>\n\n\n\n<p>La v\u00edctima junto a su madre realiz\u00f3 la denuncia en la Comisar\u00eda de la Mujer y la Familia donde recibi\u00f3 la contenci\u00f3n necesaria.<\/p>\n","protected":false},"excerpt":{"rendered":"<p>En la jornada de ayer ocurri\u00f3 un grave hecho en nuestra ciudad donde un hombre intent\u00f3 abusar sexualmente de una ni\u00f1a menor de edad. El hecho tuvo lugar esta tarde de domingo en una vivienda ubicada en calle Goycochea al 900, donde un hombre de alrededor de 38 a\u00f1os de edad habr\u00eda intentado abusar sexualmente [&hellip;]<\/p>\n","protected":false},"author":4,"featured_media":80098,"comment_status":"open","ping_status":"closed","sticky":false,"template":"","format":"standard","meta":{"om_disable_all_campaigns":false,"_jetpack_memberships_contains_paid_content":false,"footnotes":""},"categories":[50,2,103],"tags":[197,33,95],"class_list":["post-82413","post","type-post","status-publish","format-standard","has-post-thumbnail","hentry","category-destacadas","category-locales","category-policiales-locales","tag-buenos-aires","tag-locales","tag-policiales"],"aioseo_notices":[],"gutentor_comment":0,"jetpack_featured_media_url":"https:\/\/eldiariodesanpedro.com.ar\/sitio\/wp-content\/uploads\/2020\/08\/la-comisaria-de-la-mujer___w9ngJVkEw_640x361__1.jpg","jetpack_shortlink":"https:\/\/wp.me\/p6RhLt-lrf","jetpack_sharing_enabled":true,"_links":{"self":[{"href":"https:\/\/eldiariodesanpedro.com.ar\/sitio\/wp-json\/wp\/v2\/posts\/82413","targetHints":{"allow":["GET"]}}],"collection":[{"href":"https:\/\/eldiariodesanpedro.com.ar\/sitio\/wp-json\/wp\/v2\/posts"}],"about":[{"href":"https:\/\/eldiariodesanpedro.com.ar\/sitio\/wp-json\/wp\/v2\/types\/post"}],"author":[{"embeddable":true,"href":"https:\/\/eldiariodesanpedro.com.ar\/sitio\/wp-json\/wp\/v2\/users\/4"}],"replies":[{"embeddable":true,"href":"https:\/\/eldiariodesanpedro.com.ar\/sitio\/wp-json\/wp\/v2\/comments?post=82413"}],"version-history":[{"count":2,"href":"https:\/\/eldiariodesanpedro.com.ar\/sitio\/wp-json\/wp\/v2\/posts\/82413\/revisions"}],"predecessor-version":[{"id":82417,"href":"https:\/\/eldiariodesanpedro.com.ar\/sitio\/wp-json\/wp\/v2\/posts\/82413\/revisions\/82417"}],"wp:featuredmedia":[{"embeddable":true,"href":"https:\/\/eldiariodesanpedro.com.ar\/sitio\/wp-json\/wp\/v2\/media\/80098"}],"wp:attachment":[{"href":"https:\/\/eldiariodesanpedro.com.ar\/sitio\/wp-json\/wp\/v2\/media?parent=82413"}],"wp:term":[{"taxonomy":"category","embeddable":true,"href":"https:\/\/eldiariodesanpedro.com.ar\/sitio\/wp-json\/wp\/v2\/categories?post=82413"},{"taxonomy":"post_tag","embeddable":true,"href":"https:\/\/eldiariodesanpedro.com.ar\/sitio\/wp-json\/wp\/v2\/tags?post=82413"}],"curies":[{"name":"wp","href":"https:\/\/api.w.org\/{rel}","templated":true}]}}