{"id":82410,"date":"2020-10-19T08:44:54","date_gmt":"2020-10-19T11:44:54","guid":{"rendered":"https:\/\/eldiariodesanpedro.com.ar\/sitio\/?p=82410"},"modified":"2020-10-19T08:44:58","modified_gmt":"2020-10-19T11:44:58","slug":"nuevas-autorizaciones-que-requieren-la-maxima-responsabilidad-de-todos","status":"publish","type":"post","link":"https:\/\/eldiariodesanpedro.com.ar\/sitio\/nuevas-autorizaciones-que-requieren-la-maxima-responsabilidad-de-todos\/","title":{"rendered":"Nuevas autorizaciones que requieren la m\u00e1xima responsabilidad de todos"},"content":{"rendered":"<!-- VideographyWP Plugin Message: Automatic video embedding prevented by plugin options. -->\n\n<p>El Centro de Comercio Industria y Turismo de San Pedro informa a sus asociados y a todos los comerciantes del Partido, que la Municipalidad ha comunicado la entrada en vigencia desde este lunes 19 de octubre, de nuevas flexibilizaciones a las restricciones establecidas desde el inicio de la Pandemia.<\/p>\n\n\n\n<p>Desde nuestra entidad hemos mantenido un contacto permanente con las autoridades comunales y hemos ido acompa\u00f1ando a diferentes sectores de la econom\u00eda sampedrina en la b\u00fasqueda de una recuperaci\u00f3n paulatina de las actividades.<\/p>\n\n\n\n<p>La comunicaci\u00f3n oficial conocida este domingo permite el funcionamiento de comercios con un horario extendido desde las 6 hasta las 22, la apertura de espacios de acondicionamiento y rehabilitaci\u00f3n f\u00edsica, y actividades culturales con estrictos protocolos. Algunas de estas iniciativas han sido respaldadas desde nuestra entidad y nos satisface compartir el resultado positivo de las gestiones.<\/p>\n\n\n\n<p><strong>Los protocolos que rigen \u00e9stas y todas las actividades autorizadas se encuentran disponibles en la p\u00e1gina web de la Municipalidad de San Pedro, accediendo al siguiente enlace:<br><\/strong><br><a href=\"https:\/\/bit.ly\/3dOOpQ5\" target=\"_blank\" rel=\"noreferrer noopener\">https:\/\/bit.ly\/3dOOpQ5<\/a><\/p>\n\n\n\n<p>Queremos destacar adem\u00e1s que desde la C\u00e1mara de Turismo que funciona en el CCIT se ha tenido participaci\u00f3n activa en las reuniones de prestadores y gobierno para contar con todos los protocolos correspondientes para la inminente reanudaci\u00f3n de este eje fundamental de la econom\u00eda sampedrina.<\/p>\n\n\n\n<p>Es&nbsp;<strong>MUY IMPORTANTE&nbsp;<\/strong>recordar que todas las autorizaciones podr\u00e1n revocarse de manera inmediata ante la detecci\u00f3n de contagios en estos espacios, por lo tanto instamos a todos los comerciantes y empleados a RESPETAR plenamente las pautas generales que deben atenderse en este proceso de reanudaci\u00f3n de tareas, con la circulaci\u00f3n del virus presente en nuestra comunidad.<\/p>\n\n\n\n<p><strong>Respetar el distanciamiento, utilizar barbijo o mascarilla y propender a una higiene permanente de todos los espacios y elementos que tienen contacto con las personas, es fundamental.<br><\/strong><br><strong>Creemos que este proceso debe continuar para devolverle la capacidad de trabajo a todos los sectores, pero con un absoluto compromiso con el cuidado individual y de todas las personas que dependen de nosotros.<\/strong><\/p>\n\n\n\n<p><strong>Comisi\u00f3n Directiva<br>Centro de Comercio, Industria y Turismo<br>19\/10\/2020<\/strong><\/p>\n","protected":false},"excerpt":{"rendered":"<p>El Centro de Comercio Industria y Turismo de San Pedro informa a sus asociados y a todos los comerciantes del Partido, que la Municipalidad ha comunicado la entrada en vigencia desde este lunes 19 de octubre, de nuevas flexibilizaciones a las restricciones establecidas desde el inicio de la Pandemia. Desde nuestra entidad hemos mantenido un [&hellip;]<\/p>\n","protected":false},"author":4,"featured_media":82411,"comment_status":"open","ping_status":"closed","sticky":false,"template":"","format":"standard","meta":{"om_disable_all_campaigns":false,"_jetpack_memberships_contains_paid_content":false,"footnotes":""},"categories":[101,2],"tags":[197,696,33],"class_list":["post-82410","post","type-post","status-publish","format-standard","has-post-thumbnail","hentry","category-interes-general-locales","category-locales","tag-buenos-aires","tag-interes-general","tag-locales"],"aioseo_notices":[],"gutentor_comment":0,"jetpack_featured_media_url":"https:\/\/eldiariodesanpedro.com.ar\/sitio\/wp-content\/uploads\/2020\/10\/centro-de-comercio-e-industria_3_1-1.jpg","jetpack_shortlink":"https:\/\/wp.me\/p6RhLt-lrc","jetpack_sharing_enabled":true,"_links":{"self":[{"href":"https:\/\/eldiariodesanpedro.com.ar\/sitio\/wp-json\/wp\/v2\/posts\/82410","targetHints":{"allow":["GET"]}}],"collection":[{"href":"https:\/\/eldiariodesanpedro.com.ar\/sitio\/wp-json\/wp\/v2\/posts"}],"about":[{"href":"https:\/\/eldiariodesanpedro.com.ar\/sitio\/wp-json\/wp\/v2\/types\/post"}],"author":[{"embeddable":true,"href":"https:\/\/eldiariodesanpedro.com.ar\/sitio\/wp-json\/wp\/v2\/users\/4"}],"replies":[{"embeddable":true,"href":"https:\/\/eldiariodesanpedro.com.ar\/sitio\/wp-json\/wp\/v2\/comments?post=82410"}],"version-history":[{"count":1,"href":"https:\/\/eldiariodesanpedro.com.ar\/sitio\/wp-json\/wp\/v2\/posts\/82410\/revisions"}],"predecessor-version":[{"id":82412,"href":"https:\/\/eldiariodesanpedro.com.ar\/sitio\/wp-json\/wp\/v2\/posts\/82410\/revisions\/82412"}],"wp:featuredmedia":[{"embeddable":true,"href":"https:\/\/eldiariodesanpedro.com.ar\/sitio\/wp-json\/wp\/v2\/media\/82411"}],"wp:attachment":[{"href":"https:\/\/eldiariodesanpedro.com.ar\/sitio\/wp-json\/wp\/v2\/media?parent=82410"}],"wp:term":[{"taxonomy":"category","embeddable":true,"href":"https:\/\/eldiariodesanpedro.com.ar\/sitio\/wp-json\/wp\/v2\/categories?post=82410"},{"taxonomy":"post_tag","embeddable":true,"href":"https:\/\/eldiariodesanpedro.com.ar\/sitio\/wp-json\/wp\/v2\/tags?post=82410"}],"curies":[{"name":"wp","href":"https:\/\/api.w.org\/{rel}","templated":true}]}}