{"id":82396,"date":"2020-10-18T19:19:14","date_gmt":"2020-10-18T22:19:14","guid":{"rendered":"https:\/\/eldiariodesanpedro.com.ar\/sitio\/?p=82396"},"modified":"2020-10-18T19:19:40","modified_gmt":"2020-10-18T22:19:40","slug":"ramallo-ciudadanos-clamaron-por-la-intervencion-divina-ante-esta-pandemia","status":"publish","type":"post","link":"https:\/\/eldiariodesanpedro.com.ar\/sitio\/ramallo-ciudadanos-clamaron-por-la-intervencion-divina-ante-esta-pandemia\/","title":{"rendered":"RAMALLO | Ciudadanos clamaron por la intervenci\u00f3n divina ante esta pandemia"},"content":{"rendered":"<!-- VideographyWP Plugin Message: Automatic video embedding prevented by plugin options. -->\n\n<p>Durante la tarde de ayer(viernes) un grupo de personas se acercaron hacia el nosocomio local para extender sus manos y clamar a Dios en un mismo esp\u00edritu. La convocatoria fue impulsada por la iglesia cristiana evang\u00e9lica \u201cCentro Familiar de Cristo\u201d quien extendi\u00f3 la invitaci\u00f3n a todas aquellas personas, sin importar su credo, ni religi\u00f3n para clamar juntas.&nbsp;<\/p>\n\n\n\n<p>La propuesta fue comparti\u00e9ndolo en diferentes grupos de whatsapp, indicando que cualquier persona sin importar religi\u00f3n o credo que profesan, pod\u00edan participar cumpliendo con las medidas preventivas de distanciamiento social, uso de tapaboca y alcohol en gel.&nbsp;<\/p>\n\n\n\n<p>Sin gritar, ni hacer alboroto, solo se buscaba unirse en un mismo esp\u00edritu en post de que Dios obre a favor de nuestro Partido y que cada personas que estuviera padeciendo la enfermedad pueda ser sanada y transitar de mejor manera posible. Tambi\u00e9n se pidi\u00f3 fervientemente por la salud de todas los que est\u00e1n en el frente de batalla: m\u00e9dicos, mucamas, enfermeras, auxiliares y personal en general que se desempe\u00f1a dentro del sistema de salud para que Dios guarde sus vidas y sus familias.<\/p>\n\n\n\n<p>Fuente: <a href=\"https:\/\/www.ramalloinforma.com.ar\/sociedad\/ramallo-clamo-por-la-intervencion-divina-ante-esta-pandemia\/\">Ramallo Informa<\/a><\/p>\n","protected":false},"excerpt":{"rendered":"<p>Durante la tarde de ayer(viernes) un grupo de personas se acercaron hacia el nosocomio local para extender sus manos y clamar a Dios en un mismo esp\u00edritu. La convocatoria fue impulsada por la iglesia cristiana evang\u00e9lica \u201cCentro Familiar de Cristo\u201d quien extendi\u00f3 la invitaci\u00f3n a todas aquellas personas, sin importar su credo, ni religi\u00f3n para [&hellip;]<\/p>\n","protected":false},"author":4,"featured_media":82397,"comment_status":"open","ping_status":"closed","sticky":false,"template":"","format":"standard","meta":{"om_disable_all_campaigns":false,"_jetpack_memberships_contains_paid_content":false,"footnotes":""},"categories":[621],"tags":[197,347,681],"class_list":["post-82396","post","type-post","status-publish","format-standard","has-post-thumbnail","hentry","category-regionales","tag-buenos-aires","tag-ramallo","tag-regionales"],"aioseo_notices":[],"gutentor_comment":0,"jetpack_featured_media_url":"https:\/\/eldiariodesanpedro.com.ar\/sitio\/wp-content\/uploads\/2020\/10\/iglesia-centro-familair-de-cirsto-1.jpg","jetpack_shortlink":"https:\/\/wp.me\/p6RhLt-lqY","jetpack_sharing_enabled":true,"_links":{"self":[{"href":"https:\/\/eldiariodesanpedro.com.ar\/sitio\/wp-json\/wp\/v2\/posts\/82396","targetHints":{"allow":["GET"]}}],"collection":[{"href":"https:\/\/eldiariodesanpedro.com.ar\/sitio\/wp-json\/wp\/v2\/posts"}],"about":[{"href":"https:\/\/eldiariodesanpedro.com.ar\/sitio\/wp-json\/wp\/v2\/types\/post"}],"author":[{"embeddable":true,"href":"https:\/\/eldiariodesanpedro.com.ar\/sitio\/wp-json\/wp\/v2\/users\/4"}],"replies":[{"embeddable":true,"href":"https:\/\/eldiariodesanpedro.com.ar\/sitio\/wp-json\/wp\/v2\/comments?post=82396"}],"version-history":[{"count":2,"href":"https:\/\/eldiariodesanpedro.com.ar\/sitio\/wp-json\/wp\/v2\/posts\/82396\/revisions"}],"predecessor-version":[{"id":82399,"href":"https:\/\/eldiariodesanpedro.com.ar\/sitio\/wp-json\/wp\/v2\/posts\/82396\/revisions\/82399"}],"wp:featuredmedia":[{"embeddable":true,"href":"https:\/\/eldiariodesanpedro.com.ar\/sitio\/wp-json\/wp\/v2\/media\/82397"}],"wp:attachment":[{"href":"https:\/\/eldiariodesanpedro.com.ar\/sitio\/wp-json\/wp\/v2\/media?parent=82396"}],"wp:term":[{"taxonomy":"category","embeddable":true,"href":"https:\/\/eldiariodesanpedro.com.ar\/sitio\/wp-json\/wp\/v2\/categories?post=82396"},{"taxonomy":"post_tag","embeddable":true,"href":"https:\/\/eldiariodesanpedro.com.ar\/sitio\/wp-json\/wp\/v2\/tags?post=82396"}],"curies":[{"name":"wp","href":"https:\/\/api.w.org\/{rel}","templated":true}]}}