{"id":82376,"date":"2020-10-18T17:41:38","date_gmt":"2020-10-18T20:41:38","guid":{"rendered":"https:\/\/eldiariodesanpedro.com.ar\/sitio\/?p=82376"},"modified":"2020-10-18T17:41:42","modified_gmt":"2020-10-18T20:41:42","slug":"la-policia-de-san-pedro-recupero-una-retroexcavadora-robada-en-lujan","status":"publish","type":"post","link":"https:\/\/eldiariodesanpedro.com.ar\/sitio\/la-policia-de-san-pedro-recupero-una-retroexcavadora-robada-en-lujan\/","title":{"rendered":"La polic\u00eda de San Pedro recupero una retroexcavadora robada en Lujan"},"content":{"rendered":"<!-- VideographyWP Plugin Message: Automatic video embedding prevented by plugin options. -->\n\n<p>La polic\u00eda de San Pedro realiz\u00f3 la detenci\u00f3n de un delincuente que hab\u00eda robado una m\u00e1quina perteneciente a la Municipalidad de Luj\u00e1n y la trasladaba en un cami\u00f3n hacia el norte del pa\u00eds.<\/p>\n\n\n\n<p>En la jornada de este domingo efectivos policiales de nuestra ciudad a cargo del Comisario Galiano realizaron una persecuci\u00f3n y operativo cerrojo sobre la ruta nacional 9 para lograr interceptar un cami\u00f3n en el km 220 mano hacia Rosario altura Villa General Savio .<\/p>\n\n\n\n<p>En el rodado que era conducido por un delincuente de 40 a\u00f1os de edad se llevaba una m\u00e1quina retroexcavadora rodamientos con orugas la cual hab\u00eda sido sustra\u00edda en la madrugada de este domingo.<\/p>\n\n\n\n<p>El hecho delictivo ocurri\u00f3 en la vecina ciudad de Luj\u00e1n en horas de la madrugada cuando el operador de la maquinaria de 39 a\u00f1os fue sorprendido por varios malvivientes logrando reducirlo y privandolo de su libertad.&nbsp;<\/p>\n\n\n\n<p>El conductor del cami\u00f3n oriundo de la provincia de Santiago del Estero fue trasladado hasta la comisar\u00eda de la ciudad de Luj\u00e1n quedando a disposici\u00f3n de la Fiscal\u00eda N\u00ba 9 de esa localidad perteneciente a la Departamental de Mercedes, quedando imputado por el delito de \u201cRobo calificado por el uso de arma, en poblado y en banda con privaci\u00f3n ilegal de la libertad\u201d.\u00a0<\/p>\n\n\n\n<figure class=\"wp-block-image size-large\"><img decoding=\"async\" width=\"1024\" height=\"818\" data-attachment-id=\"82378\" data-permalink=\"https:\/\/eldiariodesanpedro.com.ar\/sitio\/la-policia-de-san-pedro-recupero-una-retroexcavadora-robada-en-lujan\/whatsapp-image-2020-10-18-at-17-08-47-1\/\" data-orig-file=\"https:\/\/eldiariodesanpedro.com.ar\/sitio\/wp-content\/uploads\/2020\/10\/WhatsApp-Image-2020-10-18-at-17.08.47-1.jpeg\" data-orig-size=\"1280,1023\" data-comments-opened=\"1\" data-image-meta=\"{&quot;aperture&quot;:&quot;0&quot;,&quot;credit&quot;:&quot;&quot;,&quot;camera&quot;:&quot;&quot;,&quot;caption&quot;:&quot;&quot;,&quot;created_timestamp&quot;:&quot;0&quot;,&quot;copyright&quot;:&quot;&quot;,&quot;focal_length&quot;:&quot;0&quot;,&quot;iso&quot;:&quot;0&quot;,&quot;shutter_speed&quot;:&quot;0&quot;,&quot;title&quot;:&quot;&quot;,&quot;orientation&quot;:&quot;0&quot;}\" data-image-title=\"WhatsApp Image 2020-10-18 at 17.08.47 (1)\" data-image-description=\"\" data-image-caption=\"\" data-large-file=\"https:\/\/eldiariodesanpedro.com.ar\/sitio\/wp-content\/uploads\/2020\/10\/WhatsApp-Image-2020-10-18-at-17.08.47-1-1024x818.jpeg\" data-src=\"https:\/\/eldiariodesanpedro.com.ar\/sitio\/wp-content\/uploads\/2020\/10\/WhatsApp-Image-2020-10-18-at-17.08.47-1-1024x818.jpeg\" alt=\"\" class=\"wp-image-82378 lazyload\" data-srcset=\"https:\/\/eldiariodesanpedro.com.ar\/sitio\/wp-content\/uploads\/2020\/10\/WhatsApp-Image-2020-10-18-at-17.08.47-1-1024x818.jpeg 1024w, https:\/\/eldiariodesanpedro.com.ar\/sitio\/wp-content\/uploads\/2020\/10\/WhatsApp-Image-2020-10-18-at-17.08.47-1-300x240.jpeg 300w, https:\/\/eldiariodesanpedro.com.ar\/sitio\/wp-content\/uploads\/2020\/10\/WhatsApp-Image-2020-10-18-at-17.08.47-1-768x614.jpeg 768w, https:\/\/eldiariodesanpedro.com.ar\/sitio\/wp-content\/uploads\/2020\/10\/WhatsApp-Image-2020-10-18-at-17.08.47-1.jpeg 1280w\" data-sizes=\"(max-width: 1024px) 100vw, 1024px\" src=\"data:image\/svg+xml;base64,PHN2ZyB3aWR0aD0iMSIgaGVpZ2h0PSIxIiB4bWxucz0iaHR0cDovL3d3dy53My5vcmcvMjAwMC9zdmciPjwvc3ZnPg==\" style=\"--smush-placeholder-width: 1024px; --smush-placeholder-aspect-ratio: 1024\/818;\" \/><\/figure>\n\n\n\n<figure class=\"wp-block-image size-large\"><img decoding=\"async\" width=\"1024\" height=\"818\" data-attachment-id=\"82379\" data-permalink=\"https:\/\/eldiariodesanpedro.com.ar\/sitio\/la-policia-de-san-pedro-recupero-una-retroexcavadora-robada-en-lujan\/whatsapp-image-2020-10-18-at-17-08-47\/\" data-orig-file=\"https:\/\/eldiariodesanpedro.com.ar\/sitio\/wp-content\/uploads\/2020\/10\/WhatsApp-Image-2020-10-18-at-17.08.47.jpeg\" data-orig-size=\"1280,1023\" data-comments-opened=\"1\" data-image-meta=\"{&quot;aperture&quot;:&quot;0&quot;,&quot;credit&quot;:&quot;&quot;,&quot;camera&quot;:&quot;&quot;,&quot;caption&quot;:&quot;&quot;,&quot;created_timestamp&quot;:&quot;0&quot;,&quot;copyright&quot;:&quot;&quot;,&quot;focal_length&quot;:&quot;0&quot;,&quot;iso&quot;:&quot;0&quot;,&quot;shutter_speed&quot;:&quot;0&quot;,&quot;title&quot;:&quot;&quot;,&quot;orientation&quot;:&quot;0&quot;}\" data-image-title=\"WhatsApp Image 2020-10-18 at 17.08.47\" data-image-description=\"\" data-image-caption=\"\" data-large-file=\"https:\/\/eldiariodesanpedro.com.ar\/sitio\/wp-content\/uploads\/2020\/10\/WhatsApp-Image-2020-10-18-at-17.08.47-1024x818.jpeg\" data-src=\"https:\/\/eldiariodesanpedro.com.ar\/sitio\/wp-content\/uploads\/2020\/10\/WhatsApp-Image-2020-10-18-at-17.08.47-1024x818.jpeg\" alt=\"\" class=\"wp-image-82379 lazyload\" data-srcset=\"https:\/\/eldiariodesanpedro.com.ar\/sitio\/wp-content\/uploads\/2020\/10\/WhatsApp-Image-2020-10-18-at-17.08.47-1024x818.jpeg 1024w, https:\/\/eldiariodesanpedro.com.ar\/sitio\/wp-content\/uploads\/2020\/10\/WhatsApp-Image-2020-10-18-at-17.08.47-300x240.jpeg 300w, https:\/\/eldiariodesanpedro.com.ar\/sitio\/wp-content\/uploads\/2020\/10\/WhatsApp-Image-2020-10-18-at-17.08.47-768x614.jpeg 768w, https:\/\/eldiariodesanpedro.com.ar\/sitio\/wp-content\/uploads\/2020\/10\/WhatsApp-Image-2020-10-18-at-17.08.47.jpeg 1280w\" data-sizes=\"(max-width: 1024px) 100vw, 1024px\" src=\"data:image\/svg+xml;base64,PHN2ZyB3aWR0aD0iMSIgaGVpZ2h0PSIxIiB4bWxucz0iaHR0cDovL3d3dy53My5vcmcvMjAwMC9zdmciPjwvc3ZnPg==\" style=\"--smush-placeholder-width: 1024px; --smush-placeholder-aspect-ratio: 1024\/818;\" \/><\/figure>\n","protected":false},"excerpt":{"rendered":"<p>La polic\u00eda de San Pedro realiz\u00f3 la detenci\u00f3n de un delincuente que hab\u00eda robado una m\u00e1quina perteneciente a la Municipalidad de Luj\u00e1n y la trasladaba en un cami\u00f3n hacia el norte del pa\u00eds. En la jornada de este domingo efectivos policiales de nuestra ciudad a cargo del Comisario Galiano realizaron una persecuci\u00f3n y operativo cerrojo [&hellip;]<\/p>\n","protected":false},"author":4,"featured_media":82377,"comment_status":"open","ping_status":"closed","sticky":false,"template":"","format":"standard","meta":{"om_disable_all_campaigns":false,"_jetpack_memberships_contains_paid_content":false,"footnotes":""},"categories":[50,2,103],"tags":[197,33,95],"class_list":["post-82376","post","type-post","status-publish","format-standard","has-post-thumbnail","hentry","category-destacadas","category-locales","category-policiales-locales","tag-buenos-aires","tag-locales","tag-policiales"],"aioseo_notices":[],"gutentor_comment":0,"jetpack_featured_media_url":"https:\/\/eldiariodesanpedro.com.ar\/sitio\/wp-content\/uploads\/2020\/10\/Sin-titulo-1-9.jpg","jetpack_shortlink":"https:\/\/wp.me\/p6RhLt-lqE","jetpack_sharing_enabled":true,"_links":{"self":[{"href":"https:\/\/eldiariodesanpedro.com.ar\/sitio\/wp-json\/wp\/v2\/posts\/82376","targetHints":{"allow":["GET"]}}],"collection":[{"href":"https:\/\/eldiariodesanpedro.com.ar\/sitio\/wp-json\/wp\/v2\/posts"}],"about":[{"href":"https:\/\/eldiariodesanpedro.com.ar\/sitio\/wp-json\/wp\/v2\/types\/post"}],"author":[{"embeddable":true,"href":"https:\/\/eldiariodesanpedro.com.ar\/sitio\/wp-json\/wp\/v2\/users\/4"}],"replies":[{"embeddable":true,"href":"https:\/\/eldiariodesanpedro.com.ar\/sitio\/wp-json\/wp\/v2\/comments?post=82376"}],"version-history":[{"count":1,"href":"https:\/\/eldiariodesanpedro.com.ar\/sitio\/wp-json\/wp\/v2\/posts\/82376\/revisions"}],"predecessor-version":[{"id":82380,"href":"https:\/\/eldiariodesanpedro.com.ar\/sitio\/wp-json\/wp\/v2\/posts\/82376\/revisions\/82380"}],"wp:featuredmedia":[{"embeddable":true,"href":"https:\/\/eldiariodesanpedro.com.ar\/sitio\/wp-json\/wp\/v2\/media\/82377"}],"wp:attachment":[{"href":"https:\/\/eldiariodesanpedro.com.ar\/sitio\/wp-json\/wp\/v2\/media?parent=82376"}],"wp:term":[{"taxonomy":"category","embeddable":true,"href":"https:\/\/eldiariodesanpedro.com.ar\/sitio\/wp-json\/wp\/v2\/categories?post=82376"},{"taxonomy":"post_tag","embeddable":true,"href":"https:\/\/eldiariodesanpedro.com.ar\/sitio\/wp-json\/wp\/v2\/tags?post=82376"}],"curies":[{"name":"wp","href":"https:\/\/api.w.org\/{rel}","templated":true}]}}