{"id":82373,"date":"2020-10-18T12:47:49","date_gmt":"2020-10-18T15:47:49","guid":{"rendered":"https:\/\/eldiariodesanpedro.com.ar\/sitio\/?p=82373"},"modified":"2020-10-18T12:47:53","modified_gmt":"2020-10-18T15:47:53","slug":"a-partir-de-manana-los-gimnasios-esta-habilitados-para-trabajar","status":"publish","type":"post","link":"https:\/\/eldiariodesanpedro.com.ar\/sitio\/a-partir-de-manana-los-gimnasios-esta-habilitados-para-trabajar\/","title":{"rendered":"A partir de ma\u00f1ana los gimnasios esta habilitados para trabajar"},"content":{"rendered":"<!-- VideographyWP Plugin Message: Automatic video embedding prevented by plugin options. -->\n\n<p>La Municipalidad de San Pedro comunica la actualizaci\u00f3n de las autorizaciones vigentes a partir del lunes 19 de octubre en el distrito de San Pedro.<\/p>\n\n\n\n<p>Se permitir\u00e1 la apertura de centros de rehabilitaci\u00f3n y acondicionamiento f\u00edsico, respetando estrictamente el protocolo \u201cIF-2020-15155615-GDEBA-DPLYTMJGM\u201d: con factor de ocupaci\u00f3n a un 50%, con turnos asignados previamente, sin utilizar vestuarios, y con espacios de trabajo distanciados entre personas<\/p>\n\n\n\n<p>Los protocolos para estas actividades se encuentran disponibles para la descarga en el sitio web oficial de la Municipalidad de San Pedro www.sanpedro.gob.ar secci\u00f3n \u201cdigesto municipal\u201d, \u201clegislaci\u00f3n de uso frecuente\u201d, \u201cCoronavirus\u201d. Acceso directo aqu\u00ed: <a href=\"https:\/\/bit.ly\/37hhUbP\">https:\/\/bit.ly\/37hhUbP<\/a><\/p>\n\n\n\n<p>Estas medidas estar\u00e1n sujetas a suspensi\u00f3n (de la actividad o de un establecimiento) ante incumplimiento de protocolos o que la situaci\u00f3n particular o general en el marco de la Emergencia Sanitaria as\u00ed lo amerite..<\/p>\n","protected":false},"excerpt":{"rendered":"<p>La Municipalidad de San Pedro comunica la actualizaci\u00f3n de las autorizaciones vigentes a partir del lunes 19 de octubre en el distrito de San Pedro. Se permitir\u00e1 la apertura de centros de rehabilitaci\u00f3n y acondicionamiento f\u00edsico, respetando estrictamente el protocolo \u201cIF-2020-15155615-GDEBA-DPLYTMJGM\u201d: con factor de ocupaci\u00f3n a un 50%, con turnos asignados previamente, sin utilizar vestuarios, [&hellip;]<\/p>\n","protected":false},"author":4,"featured_media":82374,"comment_status":"open","ping_status":"closed","sticky":false,"template":"","format":"standard","meta":{"om_disable_all_campaigns":false,"_jetpack_memberships_contains_paid_content":false,"footnotes":""},"categories":[50,101,2],"tags":[],"class_list":["post-82373","post","type-post","status-publish","format-standard","has-post-thumbnail","hentry","category-destacadas","category-interes-general-locales","category-locales"],"aioseo_notices":[],"gutentor_comment":0,"jetpack_featured_media_url":"https:\/\/eldiariodesanpedro.com.ar\/sitio\/wp-content\/uploads\/2020\/10\/multimedia.normal.913217864950fc3e.67696d6e6173696f735f6e6f726d616c2e6a7067.jpg","jetpack_shortlink":"https:\/\/wp.me\/p6RhLt-lqB","jetpack_sharing_enabled":true,"_links":{"self":[{"href":"https:\/\/eldiariodesanpedro.com.ar\/sitio\/wp-json\/wp\/v2\/posts\/82373","targetHints":{"allow":["GET"]}}],"collection":[{"href":"https:\/\/eldiariodesanpedro.com.ar\/sitio\/wp-json\/wp\/v2\/posts"}],"about":[{"href":"https:\/\/eldiariodesanpedro.com.ar\/sitio\/wp-json\/wp\/v2\/types\/post"}],"author":[{"embeddable":true,"href":"https:\/\/eldiariodesanpedro.com.ar\/sitio\/wp-json\/wp\/v2\/users\/4"}],"replies":[{"embeddable":true,"href":"https:\/\/eldiariodesanpedro.com.ar\/sitio\/wp-json\/wp\/v2\/comments?post=82373"}],"version-history":[{"count":1,"href":"https:\/\/eldiariodesanpedro.com.ar\/sitio\/wp-json\/wp\/v2\/posts\/82373\/revisions"}],"predecessor-version":[{"id":82375,"href":"https:\/\/eldiariodesanpedro.com.ar\/sitio\/wp-json\/wp\/v2\/posts\/82373\/revisions\/82375"}],"wp:featuredmedia":[{"embeddable":true,"href":"https:\/\/eldiariodesanpedro.com.ar\/sitio\/wp-json\/wp\/v2\/media\/82374"}],"wp:attachment":[{"href":"https:\/\/eldiariodesanpedro.com.ar\/sitio\/wp-json\/wp\/v2\/media?parent=82373"}],"wp:term":[{"taxonomy":"category","embeddable":true,"href":"https:\/\/eldiariodesanpedro.com.ar\/sitio\/wp-json\/wp\/v2\/categories?post=82373"},{"taxonomy":"post_tag","embeddable":true,"href":"https:\/\/eldiariodesanpedro.com.ar\/sitio\/wp-json\/wp\/v2\/tags?post=82373"}],"curies":[{"name":"wp","href":"https:\/\/api.w.org\/{rel}","templated":true}]}}