{"id":82365,"date":"2020-10-18T12:27:15","date_gmt":"2020-10-18T15:27:15","guid":{"rendered":"https:\/\/eldiariodesanpedro.com.ar\/sitio\/?p=82365"},"modified":"2020-10-18T12:29:51","modified_gmt":"2020-10-18T15:29:51","slug":"se-extiende-el-horario-de-comercio-de-20-hs-a-22-hs","status":"publish","type":"post","link":"https:\/\/eldiariodesanpedro.com.ar\/sitio\/se-extiende-el-horario-de-comercio-de-20-hs-a-22-hs\/","title":{"rendered":"Se extiende el horario de comercio de 20 hs, a 22 hs"},"content":{"rendered":"<!-- VideographyWP Plugin Message: Automatic video embedding prevented by plugin options. -->\n\n<p>La Municipalidad de San Pedro comunica la actualizaci\u00f3n de las autorizaciones vigentes a partir del lunes 19 de octubre en el distrito de San Pedro.<\/p>\n\n\n\n<p>Se extiende el horario para los comercios minoristas habilitados para la venta de productos y servicios (que estaba restringido hasta la fecha con l\u00edmite de las 20hs), estableciendo el funcionamiento, de lunes a domingo desde las 6hs y hasta las 22hs.<\/p>\n\n\n\n<p>Estas medidas estar\u00e1n sujetas a suspensi\u00f3n (de la actividad o de un establecimiento) ante incumplimiento de protocolos o que la situaci\u00f3n particular o general en el marco de la Emergencia Sanitaria as\u00ed lo amerite.<\/p>\n","protected":false},"excerpt":{"rendered":"<p>La Municipalidad de San Pedro comunica la actualizaci\u00f3n de las autorizaciones vigentes a partir del lunes 19 de octubre en el distrito de San Pedro. Se extiende el horario para los comercios minoristas habilitados para la venta de productos y servicios (que estaba restringido hasta la fecha con l\u00edmite de las 20hs), estableciendo el funcionamiento, [&hellip;]<\/p>\n","protected":false},"author":4,"featured_media":82366,"comment_status":"open","ping_status":"closed","sticky":false,"template":"","format":"standard","meta":{"om_disable_all_campaigns":false,"_jetpack_memberships_contains_paid_content":false,"footnotes":""},"categories":[50,101,2],"tags":[197,696,33],"class_list":["post-82365","post","type-post","status-publish","format-standard","has-post-thumbnail","hentry","category-destacadas","category-interes-general-locales","category-locales","tag-buenos-aires","tag-interes-general","tag-locales"],"aioseo_notices":[],"gutentor_comment":0,"jetpack_featured_media_url":"https:\/\/eldiariodesanpedro.com.ar\/sitio\/wp-content\/uploads\/2020\/10\/unnamed_2_16.jpg","jetpack_shortlink":"https:\/\/wp.me\/p6RhLt-lqt","jetpack_sharing_enabled":true,"_links":{"self":[{"href":"https:\/\/eldiariodesanpedro.com.ar\/sitio\/wp-json\/wp\/v2\/posts\/82365","targetHints":{"allow":["GET"]}}],"collection":[{"href":"https:\/\/eldiariodesanpedro.com.ar\/sitio\/wp-json\/wp\/v2\/posts"}],"about":[{"href":"https:\/\/eldiariodesanpedro.com.ar\/sitio\/wp-json\/wp\/v2\/types\/post"}],"author":[{"embeddable":true,"href":"https:\/\/eldiariodesanpedro.com.ar\/sitio\/wp-json\/wp\/v2\/users\/4"}],"replies":[{"embeddable":true,"href":"https:\/\/eldiariodesanpedro.com.ar\/sitio\/wp-json\/wp\/v2\/comments?post=82365"}],"version-history":[{"count":3,"href":"https:\/\/eldiariodesanpedro.com.ar\/sitio\/wp-json\/wp\/v2\/posts\/82365\/revisions"}],"predecessor-version":[{"id":82369,"href":"https:\/\/eldiariodesanpedro.com.ar\/sitio\/wp-json\/wp\/v2\/posts\/82365\/revisions\/82369"}],"wp:featuredmedia":[{"embeddable":true,"href":"https:\/\/eldiariodesanpedro.com.ar\/sitio\/wp-json\/wp\/v2\/media\/82366"}],"wp:attachment":[{"href":"https:\/\/eldiariodesanpedro.com.ar\/sitio\/wp-json\/wp\/v2\/media?parent=82365"}],"wp:term":[{"taxonomy":"category","embeddable":true,"href":"https:\/\/eldiariodesanpedro.com.ar\/sitio\/wp-json\/wp\/v2\/categories?post=82365"},{"taxonomy":"post_tag","embeddable":true,"href":"https:\/\/eldiariodesanpedro.com.ar\/sitio\/wp-json\/wp\/v2\/tags?post=82365"}],"curies":[{"name":"wp","href":"https:\/\/api.w.org\/{rel}","templated":true}]}}