{"id":82359,"date":"2020-10-17T11:30:32","date_gmt":"2020-10-17T14:30:32","guid":{"rendered":"https:\/\/eldiariodesanpedro.com.ar\/sitio\/?p=82359"},"modified":"2020-10-17T11:30:33","modified_gmt":"2020-10-17T14:30:33","slug":"17-de-octubre-de-1945-dia-de-la-lealtad-peronista","status":"publish","type":"post","link":"https:\/\/eldiariodesanpedro.com.ar\/sitio\/17-de-octubre-de-1945-dia-de-la-lealtad-peronista\/","title":{"rendered":"17 de Octubre de 1945, Dia de la Lealtad Peronista"},"content":{"rendered":"<!-- VideographyWP Plugin Message: Automatic video embedding prevented by plugin options. -->\n\n<p>Una movilizaci\u00f3n de trabajadores marchaba hace 75 a\u00f1os a Plaza de Mayo para reclamar la liberaci\u00f3n del coronel Juan Domingo Per\u00f3n, el hombre que ese 17 de octubre de 1945 se convertir\u00eda en l\u00edder indiscutido del movimiento pol\u00edtico que har\u00eda posible que los sectores populares conquistaran derechos sociales y condiciones de ciudadan\u00eda.<\/p>\n\n\n\n<p>Dos a\u00f1os antes de este hecho de masas que marc\u00f3 una divisoria de aguas en la historia argentina del siglo XX, un golpe de Estado encabezado por el general Arturo Rawson puso fin -el 4 de junio de 1943- al gobierno de Ram\u00f3n Castillo, surgido del fraude electoral.<\/p>\n\n\n\n<p>Al iniciarse el gobierno militar de Rawson, el movimiento obrero se encontraba dividido en cuatro centrales sindicales (CGT N\u00b01, CGT N\u00b02, FORA y USA) y una de las primeras medidas de ese r\u00e9gimen fue intervenir los sindicatos.<\/p>\n\n\n\n<p>Ante esta situaci\u00f3n, los dirigentes de la CGT N\u00b0 2, cuya personer\u00eda hab\u00eda sido suspendida por el Gobierno, iniciaron contactos con j\u00f3venes oficiales del Ej\u00e9rcito, entre los que estaban los coroneles Per\u00f3n y Domingo Alfredo Mercante, con el prop\u00f3sito de impulsar la sanci\u00f3n de un conjunto de leyes sociales.<\/p>\n\n\n\n<p>Per\u00f3n decide entonces impulsar la creaci\u00f3n del Departamento de Trabajo, un organismo que comienza a gestionar la relaci\u00f3n del Gobierno con los gremios y que en diciembre de 1943 alcanza el rango de Secretar\u00eda.<\/p>\n\n\n\n<p>La gesti\u00f3n de Per\u00f3n genera el apoyo de los gremios, que comienzan a respaldar su posible candidatura presidencial, lo que genera recelos entre la oficialidad del Ej\u00e9rcito que ocupaba el Gobierno.<\/p>\n\n\n\n<p>El malestar hacia la figura del ascendente coronel crece y a principios de octubre, el ministro de Guerra, el general Eduardo Avalos, cabeza de los sectores conservadores del Ej\u00e9rcito, plantea la detenci\u00f3n de Per\u00f3n, la entrega del Ejecutivo a la Corte Suprema y la convocatoria a elecciones.<\/p>\n\n\n\n<p>Presionado por esos sectores, el presidente Edelmiro Farrell ordena el 12 de octubre de 1945 la detenci\u00f3n de Per\u00f3n y su traslado a la isla Mart\u00edn Garc\u00eda.<\/p>\n\n\n\n<p>Tres d\u00edas despu\u00e9s, el gremio azucarero de FOTIA se declara en huelga para reclamar su liberaci\u00f3n, y un d\u00eda despu\u00e9s, los obreros de la carne de Berisso y Ensenada se adhieren de forma masiva a la protesta.<\/p>\n\n\n\n<p>Las acciones de protesta se multiplican en f\u00e1bricas y talleres de Avellaneda, Lan\u00fas, Valent\u00edn Alsina y los barrios obreros de Rosario.<\/p>\n\n\n\n<p>La CGT, unificada desde 1944, exige que \u00abse mantengan las conquistas\u00bb tras la realizaci\u00f3n de un plenario en el que se convoca a una huelga general para el 18, sin nombrar a Per\u00f3n.<\/p>\n\n\n\n<p>Sin embargo, los hechos se precipitan: el coronel acusa un malestar y es trasladado al Hospital Militar en el barrio de Belgrano, donde arriba el 17 por la madrugada.<\/p>\n\n\n\n<p>En las primeras horas de esa calurosa jornada de mi\u00e9rcoles, los sindicatos, ante la presi\u00f3n de las bases, comienzan a movilizarse en Barracas, La Boca, Parque Patricios y en las barriadas del Oeste de la ciudad para exigir la liberaci\u00f3n de Per\u00f3n.<\/p>\n\n\n\n<p><\/p>\n","protected":false},"excerpt":{"rendered":"<p>Una movilizaci\u00f3n de trabajadores marchaba hace 75 a\u00f1os a Plaza de Mayo para reclamar la liberaci\u00f3n del coronel Juan Domingo Per\u00f3n, el hombre que ese 17 de octubre de 1945 se convertir\u00eda en l\u00edder indiscutido del movimiento pol\u00edtico que har\u00eda posible que los sectores populares conquistaran derechos sociales y condiciones de ciudadan\u00eda. Dos a\u00f1os antes [&hellip;]<\/p>\n","protected":false},"author":4,"featured_media":82360,"comment_status":"open","ping_status":"closed","sticky":false,"template":"","format":"standard","meta":{"om_disable_all_campaigns":false,"_jetpack_memberships_contains_paid_content":false,"footnotes":""},"categories":[621],"tags":[197,329,681],"class_list":["post-82359","post","type-post","status-publish","format-standard","has-post-thumbnail","hentry","category-regionales","tag-buenos-aires","tag-provincia","tag-regionales"],"aioseo_notices":[],"gutentor_comment":0,"jetpack_featured_media_url":"https:\/\/eldiariodesanpedro.com.ar\/sitio\/wp-content\/uploads\/2020\/10\/17-de-octubre_658x400.jpg","jetpack_shortlink":"https:\/\/wp.me\/p6RhLt-lqn","jetpack_sharing_enabled":true,"_links":{"self":[{"href":"https:\/\/eldiariodesanpedro.com.ar\/sitio\/wp-json\/wp\/v2\/posts\/82359","targetHints":{"allow":["GET"]}}],"collection":[{"href":"https:\/\/eldiariodesanpedro.com.ar\/sitio\/wp-json\/wp\/v2\/posts"}],"about":[{"href":"https:\/\/eldiariodesanpedro.com.ar\/sitio\/wp-json\/wp\/v2\/types\/post"}],"author":[{"embeddable":true,"href":"https:\/\/eldiariodesanpedro.com.ar\/sitio\/wp-json\/wp\/v2\/users\/4"}],"replies":[{"embeddable":true,"href":"https:\/\/eldiariodesanpedro.com.ar\/sitio\/wp-json\/wp\/v2\/comments?post=82359"}],"version-history":[{"count":1,"href":"https:\/\/eldiariodesanpedro.com.ar\/sitio\/wp-json\/wp\/v2\/posts\/82359\/revisions"}],"predecessor-version":[{"id":82361,"href":"https:\/\/eldiariodesanpedro.com.ar\/sitio\/wp-json\/wp\/v2\/posts\/82359\/revisions\/82361"}],"wp:featuredmedia":[{"embeddable":true,"href":"https:\/\/eldiariodesanpedro.com.ar\/sitio\/wp-json\/wp\/v2\/media\/82360"}],"wp:attachment":[{"href":"https:\/\/eldiariodesanpedro.com.ar\/sitio\/wp-json\/wp\/v2\/media?parent=82359"}],"wp:term":[{"taxonomy":"category","embeddable":true,"href":"https:\/\/eldiariodesanpedro.com.ar\/sitio\/wp-json\/wp\/v2\/categories?post=82359"},{"taxonomy":"post_tag","embeddable":true,"href":"https:\/\/eldiariodesanpedro.com.ar\/sitio\/wp-json\/wp\/v2\/tags?post=82359"}],"curies":[{"name":"wp","href":"https:\/\/api.w.org\/{rel}","templated":true}]}}