{"id":82341,"date":"2020-10-17T10:55:04","date_gmt":"2020-10-17T13:55:04","guid":{"rendered":"https:\/\/eldiariodesanpedro.com.ar\/sitio\/?p=82341"},"modified":"2020-10-17T10:55:05","modified_gmt":"2020-10-17T13:55:05","slug":"luz-y-gas-en-diciembre-se-levanta-el-congelamiento","status":"publish","type":"post","link":"https:\/\/eldiariodesanpedro.com.ar\/sitio\/luz-y-gas-en-diciembre-se-levanta-el-congelamiento\/","title":{"rendered":"Luz y Gas: en diciembre se levanta el congelamiento"},"content":{"rendered":"<!-- VideographyWP Plugin Message: Automatic video embedding prevented by plugin options. -->\n\n<p>El congelamiento de tarifas de gas y luz hab\u00eda sido decretado por Macri en abril de 2019. Hoy el secretario de Energ\u00eda confirm\u00f3 que se levanta.<\/p>\n\n\n\n<p>El secretario de Energ\u00eda, Dar\u00edo Mart\u00ednez, confirm\u00f3 que a partir del 17 de diciembre de este a\u00f1o habr\u00e1 un descongelamiento de las tarifas de gas y de luz, medida que se sosten\u00eda desde abril del a\u00f1o pasado cuando fue decretado por Mauricio Macri.<\/p>\n\n\n\n<p>\u00abCuando venza el plazo en diciembre se comenzar\u00e1 a aplicar un esquema de aumentos\u00bb, confirm\u00f3 Mart\u00ednez a Rio Negro Radio, e indic\u00f3 que los aumentos \u00abno van a ir a valores internacionales de manera directa\u00bb, es decir que no ser\u00e1n dolarizados.<\/p>\n\n\n\n<p>A finales de su mandato, y en plena campa\u00f1a electoral, Macri hab\u00eda publicado el Decreto 566\/2019 por el cual se decret\u00f3 la \u00abEmergencia tarifaria\u00bb y se congelaban los precios de las tarifas de gas. Durante su mandato, el costo de las tarifas de gas aumentaron un 1.736%, de acuerdo a los datos publicados por el ENARGAS en el Programa \u201cEstado del Gas\u201d.<\/p>\n\n\n\n<p>Originalmente la medida ser\u00eda por el plazo de 90 d\u00edas, pero se prorrog\u00f3 en m\u00e1s de una oportunidad. La \u00faltima pr\u00f3rroga, realizada por Alberto Fern\u00e1ndez, vence el 17 de diciembre pr\u00f3ximo.<\/p>\n\n\n\n<p>Ayer el presidente present\u00f3 desde Vaca Muerta en Neuqu\u00e9n el Plan de Promoci\u00f3n de la Producci\u00f3n de Gas Argentino 2020-2023, m\u00e1s conocido como \u00abPlan Gas\u00bb, en el que se\u00f1al\u00f3 que \u00aben medio de una crisis mundial, lleg\u00f3 la hora de empezar a poner todo en orden con este plan de desarrollo que significa m\u00e1s trabajo pero, sobre todo, garantizar el gas que la Argentina necesita para vivir y producir, y dejar de pensar en importar gas\u00bb.<\/p>\n\n\n\n<p>En paralelo, en la Justicia hay una denuncia presentada por el actual interventor del ENARGAS, Federico Bernal, contra el ex Ministro de Energ\u00eda, Juan Jos\u00e9 Aranguren, y otros ex funcionarios del macrismo por la manipulaci\u00f3n del factor de actualizaci\u00f3n de la base tarifaria, para que el aumento en las tarifas de gas sea mayor al que correspond\u00eda. Seg\u00fan Bernal, por esa maniobra las empresas distribuidoras de gas ganaron u$s1.300 millones m\u00e1s de lo que correspond\u00eda, al implementar aumentos de un 3.300%.<\/p>\n\n\n\n<p>Respecto a las tarifas de luz, correr\u00e1n la misma suerte y a partir de 2021 habr\u00e1 un nuevo cuadro tarifario. La intenci\u00f3n original del Gobierno era revisar las mismas durante este a\u00f1o, y realizar el descongelamiento. Pero por la pandemia de coronavirus Covid-19, la crisis econ\u00f3mica y la disminuci\u00f3n de la demanda industrial, finalmente se extendieron los plazos. Ahora, el secretario de Energ\u00eda confirm\u00f3 que a partir de enero habr\u00e1 aumentos.<\/p>\n","protected":false},"excerpt":{"rendered":"<p>El congelamiento de tarifas de gas y luz hab\u00eda sido decretado por Macri en abril de 2019. Hoy el secretario de Energ\u00eda confirm\u00f3 que se levanta. El secretario de Energ\u00eda, Dar\u00edo Mart\u00ednez, confirm\u00f3 que a partir del 17 de diciembre de este a\u00f1o habr\u00e1 un descongelamiento de las tarifas de gas y de luz, medida [&hellip;]<\/p>\n","protected":false},"author":4,"featured_media":82342,"comment_status":"open","ping_status":"closed","sticky":false,"template":"","format":"standard","meta":{"om_disable_all_campaigns":false,"_jetpack_memberships_contains_paid_content":false,"footnotes":""},"categories":[621],"tags":[197,1835,329,681],"class_list":["post-82341","post","type-post","status-publish","format-standard","has-post-thumbnail","hentry","category-regionales","tag-buenos-aires","tag-luz-y-agua","tag-provincia","tag-regionales"],"aioseo_notices":[],"gutentor_comment":0,"jetpack_featured_media_url":"https:\/\/eldiariodesanpedro.com.ar\/sitio\/wp-content\/uploads\/2020\/10\/lux_658x400.jpeg","jetpack_shortlink":"https:\/\/wp.me\/p6RhLt-lq5","jetpack_sharing_enabled":true,"_links":{"self":[{"href":"https:\/\/eldiariodesanpedro.com.ar\/sitio\/wp-json\/wp\/v2\/posts\/82341","targetHints":{"allow":["GET"]}}],"collection":[{"href":"https:\/\/eldiariodesanpedro.com.ar\/sitio\/wp-json\/wp\/v2\/posts"}],"about":[{"href":"https:\/\/eldiariodesanpedro.com.ar\/sitio\/wp-json\/wp\/v2\/types\/post"}],"author":[{"embeddable":true,"href":"https:\/\/eldiariodesanpedro.com.ar\/sitio\/wp-json\/wp\/v2\/users\/4"}],"replies":[{"embeddable":true,"href":"https:\/\/eldiariodesanpedro.com.ar\/sitio\/wp-json\/wp\/v2\/comments?post=82341"}],"version-history":[{"count":1,"href":"https:\/\/eldiariodesanpedro.com.ar\/sitio\/wp-json\/wp\/v2\/posts\/82341\/revisions"}],"predecessor-version":[{"id":82343,"href":"https:\/\/eldiariodesanpedro.com.ar\/sitio\/wp-json\/wp\/v2\/posts\/82341\/revisions\/82343"}],"wp:featuredmedia":[{"embeddable":true,"href":"https:\/\/eldiariodesanpedro.com.ar\/sitio\/wp-json\/wp\/v2\/media\/82342"}],"wp:attachment":[{"href":"https:\/\/eldiariodesanpedro.com.ar\/sitio\/wp-json\/wp\/v2\/media?parent=82341"}],"wp:term":[{"taxonomy":"category","embeddable":true,"href":"https:\/\/eldiariodesanpedro.com.ar\/sitio\/wp-json\/wp\/v2\/categories?post=82341"},{"taxonomy":"post_tag","embeddable":true,"href":"https:\/\/eldiariodesanpedro.com.ar\/sitio\/wp-json\/wp\/v2\/tags?post=82341"}],"curies":[{"name":"wp","href":"https:\/\/api.w.org\/{rel}","templated":true}]}}