{"id":82291,"date":"2020-10-15T22:16:29","date_gmt":"2020-10-16T01:16:29","guid":{"rendered":"https:\/\/eldiariodesanpedro.com.ar\/sitio\/?p=82291"},"modified":"2020-10-15T22:16:34","modified_gmt":"2020-10-16T01:16:34","slug":"se-recibieron-19-positivos-mas-de-30-resultados-recibidos","status":"publish","type":"post","link":"https:\/\/eldiariodesanpedro.com.ar\/sitio\/se-recibieron-19-positivos-mas-de-30-resultados-recibidos\/","title":{"rendered":"Se recibieron 19 positivos mas de 30 resultados recibidos"},"content":{"rendered":"<!-- VideographyWP Plugin Message: Automatic video embedding prevented by plugin options. -->\n\n<p>La Secretar\u00eda de Salud de la Municipalidad de San Pedro informa la actualizaci\u00f3n de seguimiento a la Pandemia de Covid-19.<br><br>INFORME DIARIO<br>Se recibieron 27 resultados de las muestras enviadas el 13 de octubre al Laboratorio del Instituto Malbr\u00e1n, que sumaron 16 casos positivos y 11 resultados negativos.<br>Los nuevos positivos corresponden a:<br>8 mujeres de 31, 33, 41(2), 47, 62, 70 y 76 a\u00f1os.<br>8 hombres de 27, 42, 48, 53, 66, 72, 76 y 80 a\u00f1os.<\/p>\n\n\n\n<p>Desde el Sanatorio Coopser se recibi\u00f3 un resultado positivo correspondiente a una mujer de 42 a\u00f1os.<br>Desde el sistema privado fueron recibidos 2 resultados positivos en hombres de 32 y 40 a\u00f1os.<\/p>\n\n\n\n<p>Total de nuevos positivos: 19<br>Total de nuevos negativos: 11<\/p>\n\n\n\n<p>FALLECIMIENTOS<br>A primera hora se comunic\u00f3 el fallecimiento de la Sra. Gregoria Aguirre, de 82 a\u00f1os, que se encontraba internada en cl\u00ednica privada por un caso positivo de Covid-19.<br>Expresamos nuestras condolencias con sus familiares y seres queridos.<\/p>\n\n\n\n<p>Resumen actualizado de informaci\u00f3n oficial<br>Positivos desde el inicio de la Pandemia: 1337<br>Activos: 223<br>Recuperados: 1072<br>Fallecidos: 42<br>\u00daltimo env\u00edo de muestras: 00<br>Muestras pendientes: 75<br>Negativos desde el inicio de la Pandemia: 1627<\/p>\n\n\n\n<p>Los datos consignados en este informe corresponden a ex\u00e1menes realizados por PCR.<\/p>\n\n\n\n<p>&#x1f449; Usar tapabocas.<br>&#x1f449; Mantener la distancia m\u00ednima de 2 metros.<br>&#x1f449; Extremar la higiene de los espacios.<br>&#x1f449; Mantener las manos limpias.<\/p>\n\n\n\n<p>Se recuerda que, ante s\u00edntomas de tos seca, fiebre y dolor de garganta y la probabilidad de haber estado en contacto con enfermos o viajeros llegados desde las zonas transmisi\u00f3n local o comunitaria se puede llamar al 148 o 107.<\/p>\n","protected":false},"excerpt":{"rendered":"<p>La Secretar\u00eda de Salud de la Municipalidad de San Pedro informa la actualizaci\u00f3n de seguimiento a la Pandemia de Covid-19. INFORME DIARIOSe recibieron 27 resultados de las muestras enviadas el 13 de octubre al Laboratorio del Instituto Malbr\u00e1n, que sumaron 16 casos positivos y 11 resultados negativos.Los nuevos positivos corresponden a:8 mujeres de 31, 33, [&hellip;]<\/p>\n","protected":false},"author":4,"featured_media":78783,"comment_status":"open","ping_status":"closed","sticky":false,"template":"","format":"standard","meta":{"om_disable_all_campaigns":false,"_jetpack_memberships_contains_paid_content":false,"footnotes":""},"categories":[50,101,2],"tags":[197,696,33],"class_list":["post-82291","post","type-post","status-publish","format-standard","has-post-thumbnail","hentry","category-destacadas","category-interes-general-locales","category-locales","tag-buenos-aires","tag-interes-general","tag-locales"],"aioseo_notices":[],"gutentor_comment":0,"jetpack_featured_media_url":"https:\/\/eldiariodesanpedro.com.ar\/sitio\/wp-content\/uploads\/2020\/08\/coronavirus-positivo-2.jpg","jetpack_shortlink":"https:\/\/wp.me\/p6RhLt-lph","jetpack_sharing_enabled":true,"_links":{"self":[{"href":"https:\/\/eldiariodesanpedro.com.ar\/sitio\/wp-json\/wp\/v2\/posts\/82291","targetHints":{"allow":["GET"]}}],"collection":[{"href":"https:\/\/eldiariodesanpedro.com.ar\/sitio\/wp-json\/wp\/v2\/posts"}],"about":[{"href":"https:\/\/eldiariodesanpedro.com.ar\/sitio\/wp-json\/wp\/v2\/types\/post"}],"author":[{"embeddable":true,"href":"https:\/\/eldiariodesanpedro.com.ar\/sitio\/wp-json\/wp\/v2\/users\/4"}],"replies":[{"embeddable":true,"href":"https:\/\/eldiariodesanpedro.com.ar\/sitio\/wp-json\/wp\/v2\/comments?post=82291"}],"version-history":[{"count":1,"href":"https:\/\/eldiariodesanpedro.com.ar\/sitio\/wp-json\/wp\/v2\/posts\/82291\/revisions"}],"predecessor-version":[{"id":82292,"href":"https:\/\/eldiariodesanpedro.com.ar\/sitio\/wp-json\/wp\/v2\/posts\/82291\/revisions\/82292"}],"wp:featuredmedia":[{"embeddable":true,"href":"https:\/\/eldiariodesanpedro.com.ar\/sitio\/wp-json\/wp\/v2\/media\/78783"}],"wp:attachment":[{"href":"https:\/\/eldiariodesanpedro.com.ar\/sitio\/wp-json\/wp\/v2\/media?parent=82291"}],"wp:term":[{"taxonomy":"category","embeddable":true,"href":"https:\/\/eldiariodesanpedro.com.ar\/sitio\/wp-json\/wp\/v2\/categories?post=82291"},{"taxonomy":"post_tag","embeddable":true,"href":"https:\/\/eldiariodesanpedro.com.ar\/sitio\/wp-json\/wp\/v2\/tags?post=82291"}],"curies":[{"name":"wp","href":"https:\/\/api.w.org\/{rel}","templated":true}]}}