{"id":8227,"date":"2016-09-20T19:35:05","date_gmt":"2016-09-20T22:35:05","guid":{"rendered":"https:\/\/eldiariodesanpedro.com.ar\/sitio\/?p=8227"},"modified":"2016-09-20T19:35:05","modified_gmt":"2016-09-20T22:35:05","slug":"acondicionan-banquinas-de-la-ruta-191-para-comenzar-la-reparacion-del-acceso","status":"publish","type":"post","link":"https:\/\/eldiariodesanpedro.com.ar\/sitio\/acondicionan-banquinas-de-la-ruta-191-para-comenzar-la-reparacion-del-acceso\/","title":{"rendered":"Acondicionan banquinas de la ruta 191 para comenzar la reparaci\u00f3n del acceso"},"content":{"rendered":"<p><!-- VideographyWP Plugin Message: Automatic video embedding prevented by plugin options. --><br \/>\nPersonal de la empresa IARSA comenz\u00f3 este martes a realizar la limpieza de banquinas con una motoniveladora. El objetivo es que est\u00e9n transitables, puesto que la semana que viene, si el clima lo permite, comenzar\u00e1 el arreglo de las placas de hormig\u00f3n que est\u00e1n da\u00f1adas. El tr\u00e1nsito deber\u00e1 ser desviado por dichos laterales para que se puedan comenzar los trabajos previstos en el lugar.<br \/>\nSon varios los sectores que sufrieron un da\u00f1o considerable, sin embargo, la peor parte parece ser la cercana a la Escuela N\u00ba 18 .<br \/>\nEstuvo presente en el lugar el intendente Salazar, que envi\u00f3 un video para que sea difundido a la sociedad. En \u00e9l expresa: \u201cLa maquinaria de IARSA ha comenzado con la reparaci\u00f3n de la banquina de la 191. Mejor que decir es hacer y mejor que prometer es realizar\u201d, asegur\u00f3 el mandatario. Y luego agreg\u00f3: \u201cComo dice Mar\u00eda Eugenia (Vidal): Estar y hacer\u201d.<br \/>\nEn tanto, ma\u00f1ana est\u00e1 previsto que se d\u00e9 inicio al bacheo de la misma arteria, en cercan\u00edas a Pueblo Doyle. Se trata de un trabajo en paralelo al realizado en cercan\u00edas en nuestra ciudad, que estar\u00e1 a cargo de una empresa que ha sido contratada por Vialidad Provincial.<\/p>\n<p>Avanza a paso firme la obra de la ruta 1001<\/p>\n<p>El clima ha permitido en los \u00faltimos d\u00edas una continuidad en los trabajos como hac\u00eda tiempo no ocurr\u00eda. Lo cierto es que la inestabilidad continua del tiempo este a\u00f1o no ha permitido a la empresa IARSA (subcontratistas de Farall\u00f3n) avanzar con normalidad.<br \/>\nLos sampedrinos permanecen esc\u00e9pticos a\u00fan de que pueda terminarse, luego de que uno de los responsables de la empresa concesionaria (Farall\u00f3n), el Ing. Pomposiello, advirtiera p\u00fablicamente que Vialidad Nacional no hab\u00eda hecho efectivo ning\u00fan pago a\u00fan, a pesar de que hace varios meses que se est\u00e1 trabajando en la zona. Sin embargo, se lo atribuy\u00f3 a una cuesti\u00f3n administrativa.<br \/>\nEl propio intendente Salazar estuvo estos d\u00edas siguiendo el progreso de los trabajos que ya llegan hasta el primer acceso a R\u00edo Tala (desde San Pedro hacia la ruta 9) y el ingreso a Papel Prensa. Ya se puede utilizar parte del nuevo pavimento, pasando la zona donde se est\u00e1 desarrollando la reparaci\u00f3n.<\/p>\n","protected":false},"excerpt":{"rendered":"<p>Personal de la empresa IARSA comenz\u00f3 este martes a realizar la limpieza de banquinas con una motoniveladora. El objetivo es que est\u00e9n transitables, puesto que la semana que viene, si el clima lo permite, comenzar\u00e1 el arreglo de las placas de hormig\u00f3n que est\u00e1n da\u00f1adas. El tr\u00e1nsito deber\u00e1 ser desviado por dichos laterales para que [&hellip;]<\/p>\n","protected":false},"author":4,"featured_media":8228,"comment_status":"open","ping_status":"closed","sticky":false,"template":"","format":"standard","meta":{"om_disable_all_campaigns":false,"_jetpack_memberships_contains_paid_content":false,"footnotes":""},"categories":[50,101,2],"tags":[],"class_list":["post-8227","post","type-post","status-publish","format-standard","has-post-thumbnail","hentry","category-destacadas","category-interes-general-locales","category-locales"],"aioseo_notices":[],"gutentor_comment":0,"jetpack_featured_media_url":"https:\/\/eldiariodesanpedro.com.ar\/sitio\/wp-content\/uploads\/2016\/09\/Ruta-1001.jpg","jetpack_shortlink":"https:\/\/wp.me\/p6RhLt-28H","jetpack_sharing_enabled":true,"_links":{"self":[{"href":"https:\/\/eldiariodesanpedro.com.ar\/sitio\/wp-json\/wp\/v2\/posts\/8227","targetHints":{"allow":["GET"]}}],"collection":[{"href":"https:\/\/eldiariodesanpedro.com.ar\/sitio\/wp-json\/wp\/v2\/posts"}],"about":[{"href":"https:\/\/eldiariodesanpedro.com.ar\/sitio\/wp-json\/wp\/v2\/types\/post"}],"author":[{"embeddable":true,"href":"https:\/\/eldiariodesanpedro.com.ar\/sitio\/wp-json\/wp\/v2\/users\/4"}],"replies":[{"embeddable":true,"href":"https:\/\/eldiariodesanpedro.com.ar\/sitio\/wp-json\/wp\/v2\/comments?post=8227"}],"version-history":[{"count":1,"href":"https:\/\/eldiariodesanpedro.com.ar\/sitio\/wp-json\/wp\/v2\/posts\/8227\/revisions"}],"predecessor-version":[{"id":8229,"href":"https:\/\/eldiariodesanpedro.com.ar\/sitio\/wp-json\/wp\/v2\/posts\/8227\/revisions\/8229"}],"wp:featuredmedia":[{"embeddable":true,"href":"https:\/\/eldiariodesanpedro.com.ar\/sitio\/wp-json\/wp\/v2\/media\/8228"}],"wp:attachment":[{"href":"https:\/\/eldiariodesanpedro.com.ar\/sitio\/wp-json\/wp\/v2\/media?parent=8227"}],"wp:term":[{"taxonomy":"category","embeddable":true,"href":"https:\/\/eldiariodesanpedro.com.ar\/sitio\/wp-json\/wp\/v2\/categories?post=8227"},{"taxonomy":"post_tag","embeddable":true,"href":"https:\/\/eldiariodesanpedro.com.ar\/sitio\/wp-json\/wp\/v2\/tags?post=8227"}],"curies":[{"name":"wp","href":"https:\/\/api.w.org\/{rel}","templated":true}]}}