{"id":82265,"date":"2020-10-15T13:24:54","date_gmt":"2020-10-15T16:24:54","guid":{"rendered":"https:\/\/eldiariodesanpedro.com.ar\/sitio\/?p=82265"},"modified":"2020-10-15T13:31:45","modified_gmt":"2020-10-15T16:31:45","slug":"se-licito-por-parte-de-vialidad-bonaerense-del-acceso-de-ruta-191","status":"publish","type":"post","link":"https:\/\/eldiariodesanpedro.com.ar\/sitio\/se-licito-por-parte-de-vialidad-bonaerense-del-acceso-de-ruta-191\/","title":{"rendered":"Se licito por parte de vialidad bonaerense trabajos en el acceso de Ruta 191"},"content":{"rendered":"<!-- VideographyWP Plugin Message: Automatic video embedding prevented by plugin options. -->\n\n<p>La Direcci\u00f3n de Vialidad de la Provincia de Buenos Aires, dependiente de la Subsecretar\u00eda de Obras P\u00fablicas, licit\u00f3 obras de rehabilitaci\u00f3n y conservaci\u00f3n de calzada que benefician a 91 partidos del territorio bonaerense.<\/p>\n\n\n\n<p>En este sentido, el administrador de la Repartici\u00f3n, Ra\u00fal Costantino, brind\u00f3 unas palabras para abrir el evento y expres\u00f3: \u201cEstamos desarrollando un plan de obras muy importante para lo que resta de este a\u00f1o y para el primer trimestre de 2021. Desde Vialidad no s\u00f3lo licitaremos intervenciones de repavimentaci\u00f3n y ensanches de calzada, sino tambi\u00e9n trabajos en puentes, alcantarillas, mejoras en caminos rurales, y obras de rehabilitaci\u00f3n y conservaci\u00f3n\u201d, y a su vez agreg\u00f3: \u201cEl Gobernador nos encomend\u00f3 la tarea de poner en marcha un paquete de obras, con el objetivo de optimizar las rutas y los caminos de la Provincia y garantizar la seguridad vial\u201d.<\/p>\n\n\n\n<p>Los trabajos -a realizar en los diferentes sectores que se se\u00f1alan a continuaci\u00f3n- incluyen demolici\u00f3n y retiro de losas, excavaci\u00f3n de caja, perfilado y recompactaci\u00f3n, base de hormig\u00f3n pobre y pavimento de hormig\u00f3n simple.<\/p>\n\n\n\n<p> Para dicha obra, se presentaron las siguientes empresas:<br>1) Jos\u00e9 Lu\u00eds Trivi\u00f1o S.A.<br>2) Mario Caroleo S.A<br>3) Avinco Construcciones S.A.<br>4) Carjor S.R.L.<br>5) Laveco S.A.<br>6) L\u00e1zaro Construcciones S.A. &#8211; Usimix S.R.L. UT Zona I<br>7) Eduardo Colombi S.A.<br>8) Marcalba S.A.<br>9) Ingeniero Alberto Reano S.A.<br>10) Mar\u00edn Construcciones S.A.<br>11) Luis Franco Russo \u2013 PF Compa\u00f1\u00eda Constructora S.A. \u2013Tecma S.A- Bacheo Zona I UT<\/p>\n\n\n\n<p>Info: <a href=\"http:\/\/www.vialidad.gba.gov.ar\/noticiadvba.php?pagina=link_noticia&amp;id_noticia=1298\">Vialidad Provincial<\/a><\/p>\n\n\n\n<figure class=\"wp-block-image size-large\"><img decoding=\"async\" width=\"1024\" height=\"724\" data-attachment-id=\"82266\" data-permalink=\"https:\/\/eldiariodesanpedro.com.ar\/sitio\/se-licito-por-parte-de-vialidad-bonaerense-del-acceso-de-ruta-191\/licitacion-obras-vialidad\/\" data-orig-file=\"https:\/\/eldiariodesanpedro.com.ar\/sitio\/wp-content\/uploads\/2020\/10\/Licitacion-obras-Vialidad.jpg\" data-orig-size=\"2048,1448\" data-comments-opened=\"1\" data-image-meta=\"{&quot;aperture&quot;:&quot;0&quot;,&quot;credit&quot;:&quot;&quot;,&quot;camera&quot;:&quot;&quot;,&quot;caption&quot;:&quot;&quot;,&quot;created_timestamp&quot;:&quot;0&quot;,&quot;copyright&quot;:&quot;&quot;,&quot;focal_length&quot;:&quot;0&quot;,&quot;iso&quot;:&quot;0&quot;,&quot;shutter_speed&quot;:&quot;0&quot;,&quot;title&quot;:&quot;&quot;,&quot;orientation&quot;:&quot;0&quot;}\" data-image-title=\"Licitacion-obras-Vialidad\" data-image-description=\"\" data-image-caption=\"\" data-large-file=\"https:\/\/eldiariodesanpedro.com.ar\/sitio\/wp-content\/uploads\/2020\/10\/Licitacion-obras-Vialidad-1024x724.jpg\" data-src=\"https:\/\/eldiariodesanpedro.com.ar\/sitio\/wp-content\/uploads\/2020\/10\/Licitacion-obras-Vialidad-1024x724.jpg\" alt=\"\" class=\"wp-image-82266 lazyload\" data-srcset=\"https:\/\/eldiariodesanpedro.com.ar\/sitio\/wp-content\/uploads\/2020\/10\/Licitacion-obras-Vialidad-1024x724.jpg 1024w, https:\/\/eldiariodesanpedro.com.ar\/sitio\/wp-content\/uploads\/2020\/10\/Licitacion-obras-Vialidad-300x212.jpg 300w, https:\/\/eldiariodesanpedro.com.ar\/sitio\/wp-content\/uploads\/2020\/10\/Licitacion-obras-Vialidad-768x543.jpg 768w, https:\/\/eldiariodesanpedro.com.ar\/sitio\/wp-content\/uploads\/2020\/10\/Licitacion-obras-Vialidad-1536x1086.jpg 1536w, https:\/\/eldiariodesanpedro.com.ar\/sitio\/wp-content\/uploads\/2020\/10\/Licitacion-obras-Vialidad.jpg 2048w\" data-sizes=\"(max-width: 1024px) 100vw, 1024px\" src=\"data:image\/svg+xml;base64,PHN2ZyB3aWR0aD0iMSIgaGVpZ2h0PSIxIiB4bWxucz0iaHR0cDovL3d3dy53My5vcmcvMjAwMC9zdmciPjwvc3ZnPg==\" style=\"--smush-placeholder-width: 1024px; --smush-placeholder-aspect-ratio: 1024\/724;\" \/><\/figure>\n\n\n\n<figure class=\"wp-block-image size-large\"><img decoding=\"async\" width=\"1024\" height=\"678\" data-attachment-id=\"82271\" data-permalink=\"https:\/\/eldiariodesanpedro.com.ar\/sitio\/se-licito-por-parte-de-vialidad-bonaerense-del-acceso-de-ruta-191\/202010141719440-licitacion-14-10-2020\/\" data-orig-file=\"https:\/\/eldiariodesanpedro.com.ar\/sitio\/wp-content\/uploads\/2020\/10\/202010141719440.Licitacion-14-10-2020-scaled.jpg\" data-orig-size=\"2560,1696\" data-comments-opened=\"1\" data-image-meta=\"{&quot;aperture&quot;:&quot;11&quot;,&quot;credit&quot;:&quot;&quot;,&quot;camera&quot;:&quot;NIKON D5100&quot;,&quot;caption&quot;:&quot;&quot;,&quot;created_timestamp&quot;:&quot;1602685880&quot;,&quot;copyright&quot;:&quot;&quot;,&quot;focal_length&quot;:&quot;18&quot;,&quot;iso&quot;:&quot;800&quot;,&quot;shutter_speed&quot;:&quot;0.0013333333333333&quot;,&quot;title&quot;:&quot;&quot;,&quot;orientation&quot;:&quot;1&quot;}\" data-image-title=\"202010141719440.Licitaci\u00f3n 14-10-2020\" data-image-description=\"\" data-image-caption=\"\" data-large-file=\"https:\/\/eldiariodesanpedro.com.ar\/sitio\/wp-content\/uploads\/2020\/10\/202010141719440.Licitacion-14-10-2020-1024x678.jpg\" data-src=\"https:\/\/eldiariodesanpedro.com.ar\/sitio\/wp-content\/uploads\/2020\/10\/202010141719440.Licitacion-14-10-2020-1024x678.jpg\" alt=\"\" class=\"wp-image-82271 lazyload\" data-srcset=\"https:\/\/eldiariodesanpedro.com.ar\/sitio\/wp-content\/uploads\/2020\/10\/202010141719440.Licitacion-14-10-2020-1024x678.jpg 1024w, https:\/\/eldiariodesanpedro.com.ar\/sitio\/wp-content\/uploads\/2020\/10\/202010141719440.Licitacion-14-10-2020-300x199.jpg 300w, https:\/\/eldiariodesanpedro.com.ar\/sitio\/wp-content\/uploads\/2020\/10\/202010141719440.Licitacion-14-10-2020-768x509.jpg 768w, https:\/\/eldiariodesanpedro.com.ar\/sitio\/wp-content\/uploads\/2020\/10\/202010141719440.Licitacion-14-10-2020-1536x1017.jpg 1536w, https:\/\/eldiariodesanpedro.com.ar\/sitio\/wp-content\/uploads\/2020\/10\/202010141719440.Licitacion-14-10-2020-2048x1356.jpg 2048w\" data-sizes=\"(max-width: 1024px) 100vw, 1024px\" src=\"data:image\/svg+xml;base64,PHN2ZyB3aWR0aD0iMSIgaGVpZ2h0PSIxIiB4bWxucz0iaHR0cDovL3d3dy53My5vcmcvMjAwMC9zdmciPjwvc3ZnPg==\" style=\"--smush-placeholder-width: 1024px; --smush-placeholder-aspect-ratio: 1024\/678;\" \/><\/figure>\n","protected":false},"excerpt":{"rendered":"<p>La Direcci\u00f3n de Vialidad de la Provincia de Buenos Aires, dependiente de la Subsecretar\u00eda de Obras P\u00fablicas, licit\u00f3 obras de rehabilitaci\u00f3n y conservaci\u00f3n de calzada que benefician a 91 partidos del territorio bonaerense. En este sentido, el administrador de la Repartici\u00f3n, Ra\u00fal Costantino, brind\u00f3 unas palabras para abrir el evento y expres\u00f3: \u201cEstamos desarrollando un [&hellip;]<\/p>\n","protected":false},"author":4,"featured_media":82267,"comment_status":"open","ping_status":"closed","sticky":false,"template":"","format":"standard","meta":{"om_disable_all_campaigns":false,"_jetpack_memberships_contains_paid_content":false,"footnotes":""},"categories":[50,101,2],"tags":[197,696,33],"class_list":["post-82265","post","type-post","status-publish","format-standard","has-post-thumbnail","hentry","category-destacadas","category-interes-general-locales","category-locales","tag-buenos-aires","tag-interes-general","tag-locales"],"aioseo_notices":[],"gutentor_comment":0,"jetpack_featured_media_url":"https:\/\/eldiariodesanpedro.com.ar\/sitio\/wp-content\/uploads\/2020\/10\/191_arreglos_2_1.jpg","jetpack_shortlink":"https:\/\/wp.me\/p6RhLt-loR","jetpack_sharing_enabled":true,"_links":{"self":[{"href":"https:\/\/eldiariodesanpedro.com.ar\/sitio\/wp-json\/wp\/v2\/posts\/82265","targetHints":{"allow":["GET"]}}],"collection":[{"href":"https:\/\/eldiariodesanpedro.com.ar\/sitio\/wp-json\/wp\/v2\/posts"}],"about":[{"href":"https:\/\/eldiariodesanpedro.com.ar\/sitio\/wp-json\/wp\/v2\/types\/post"}],"author":[{"embeddable":true,"href":"https:\/\/eldiariodesanpedro.com.ar\/sitio\/wp-json\/wp\/v2\/users\/4"}],"replies":[{"embeddable":true,"href":"https:\/\/eldiariodesanpedro.com.ar\/sitio\/wp-json\/wp\/v2\/comments?post=82265"}],"version-history":[{"count":5,"href":"https:\/\/eldiariodesanpedro.com.ar\/sitio\/wp-json\/wp\/v2\/posts\/82265\/revisions"}],"predecessor-version":[{"id":82273,"href":"https:\/\/eldiariodesanpedro.com.ar\/sitio\/wp-json\/wp\/v2\/posts\/82265\/revisions\/82273"}],"wp:featuredmedia":[{"embeddable":true,"href":"https:\/\/eldiariodesanpedro.com.ar\/sitio\/wp-json\/wp\/v2\/media\/82267"}],"wp:attachment":[{"href":"https:\/\/eldiariodesanpedro.com.ar\/sitio\/wp-json\/wp\/v2\/media?parent=82265"}],"wp:term":[{"taxonomy":"category","embeddable":true,"href":"https:\/\/eldiariodesanpedro.com.ar\/sitio\/wp-json\/wp\/v2\/categories?post=82265"},{"taxonomy":"post_tag","embeddable":true,"href":"https:\/\/eldiariodesanpedro.com.ar\/sitio\/wp-json\/wp\/v2\/tags?post=82265"}],"curies":[{"name":"wp","href":"https:\/\/api.w.org\/{rel}","templated":true}]}}