{"id":82236,"date":"2020-10-15T10:57:21","date_gmt":"2020-10-15T13:57:21","guid":{"rendered":"https:\/\/eldiariodesanpedro.com.ar\/sitio\/?p=82236"},"modified":"2020-10-15T10:57:25","modified_gmt":"2020-10-15T13:57:25","slug":"san-nicolas-mato-al-padrastro-de-un-tiro-en-el-cuello-se-escondio-en-otra-casa-y-lo-atraparon","status":"publish","type":"post","link":"https:\/\/eldiariodesanpedro.com.ar\/sitio\/san-nicolas-mato-al-padrastro-de-un-tiro-en-el-cuello-se-escondio-en-otra-casa-y-lo-atraparon\/","title":{"rendered":"SAN NICOL\u00c1S | mat\u00f3 al padrastro de un tiro en el cuello, se escondi\u00f3 en otra casa y lo atraparon"},"content":{"rendered":"<!-- VideographyWP Plugin Message: Automatic video embedding prevented by plugin options. -->\n\n<p>Un joven de 18 a\u00f1os fue detenido acusado de matar de un balazo en el cuello a su padrastro en una vivienda de la localidad bonaerense de San Nicol\u00e1s, informaron fuentes policiales.<\/p>\n\n\n\n<p>El fatal hecho se produjo este lunes en una casa situada en las calles Rosello y Pedro Goitia cuando luego de una discusi\u00f3n\u00a0<strong>Bruno Miguel Saravia<\/strong>, de 30 a\u00f1os, conocido con el alias de \u201cEl Santafesino\u201d, sufri\u00f3 una herida de arma de fuego en el cuello y muri\u00f3 en el lugar.<\/p>\n\n\n\n<p>Vecinos alertaron del conflicto familiar y de haber escuchado una detonaci\u00f3n al servicio de emergencias 911 por lo que efectivos del Comando de Patrullas y del Gabinete T\u00e9cnico Operativo de la comisar\u00eda Primera se presentaron en el lugar. Los uniformados encontraron a Saravia sin signos vitales y escucharon a los testigos del hecho, quienes indicaron que el asesino habr\u00eda sido el hijastro, con el que manten\u00eda conflictos de vieja data.<\/p>\n\n\n\n<p>La investigaci\u00f3n avanz\u00f3 y con la colaboraci\u00f3n de detectives de la DDI de San Nicol\u00e1s y con el aval de la UFI N\u00b0 3 de esa localidad se allan\u00f3 una vivienda en la calle G\u00fcemes al 155, donde se encontraba oculto el presunto homicida. Los polic\u00edas detuvieron en ese lugar al joven de 18 a\u00f1os y secuestraron un celular.<\/p>\n\n\n\n<p>El sospechoso de haber cometido el crimen fue derivado a la sede de la DDI y hoy ser\u00e1 indagado en sede judicial imputado por el delito de homicidio. Personal de la Polic\u00eda Cient\u00edfica trabaj\u00f3 en el lugar del hecho para recolectar pruebas para la causa judicial.<\/p>\n\n\n\n<p>Como parte de la pesquisa los detectives tomar\u00e1n declaraciones testimoniales a los integrantes del n\u00facleo familiar.<\/p>\n\n\n\n<p>Fuente: <a href=\"http:\/\/www.ramallociudad.com.ar\/nota.asp?id=162162&amp;t=San-Nicolas-mato-al-padrastro-de-un-tiro-en-el-cuello-se-escondio-en-otra-casa-y-lo-atraparon\">Nova Bonaerense<\/a><\/p>\n\n\n\n<figure class=\"wp-block-embed-facebook wp-block-embed\"><div class=\"wp-block-embed__wrapper\">\n<div class=\"fb-video\" data-allowfullscreen=\"true\" data-href=\"https:\/\/www.facebook.com\/watch\/?v=734498393946284\" style=\"background-color: #fff; display: inline-block;\"><\/div>\n<\/div><\/figure>\n","protected":false},"excerpt":{"rendered":"<p>Un joven de 18 a\u00f1os fue detenido acusado de matar de un balazo en el cuello a su padrastro en una vivienda de la localidad bonaerense de San Nicol\u00e1s, informaron fuentes policiales. El fatal hecho se produjo este lunes en una casa situada en las calles Rosello y Pedro Goitia cuando luego de una discusi\u00f3n\u00a0Bruno [&hellip;]<\/p>\n","protected":false},"author":4,"featured_media":82237,"comment_status":"open","ping_status":"closed","sticky":false,"template":"","format":"standard","meta":{"om_disable_all_campaigns":false,"_jetpack_memberships_contains_paid_content":false,"footnotes":""},"categories":[621],"tags":[197,681,714],"class_list":["post-82236","post","type-post","status-publish","format-standard","has-post-thumbnail","hentry","category-regionales","tag-buenos-aires","tag-regionales","tag-san-nicolas"],"aioseo_notices":[],"gutentor_comment":0,"jetpack_featured_media_url":"https:\/\/eldiariodesanpedro.com.ar\/sitio\/wp-content\/uploads\/2020\/10\/bbx_728319100_1_ddipol.jpg","jetpack_shortlink":"https:\/\/wp.me\/p6RhLt-loo","jetpack_sharing_enabled":true,"_links":{"self":[{"href":"https:\/\/eldiariodesanpedro.com.ar\/sitio\/wp-json\/wp\/v2\/posts\/82236","targetHints":{"allow":["GET"]}}],"collection":[{"href":"https:\/\/eldiariodesanpedro.com.ar\/sitio\/wp-json\/wp\/v2\/posts"}],"about":[{"href":"https:\/\/eldiariodesanpedro.com.ar\/sitio\/wp-json\/wp\/v2\/types\/post"}],"author":[{"embeddable":true,"href":"https:\/\/eldiariodesanpedro.com.ar\/sitio\/wp-json\/wp\/v2\/users\/4"}],"replies":[{"embeddable":true,"href":"https:\/\/eldiariodesanpedro.com.ar\/sitio\/wp-json\/wp\/v2\/comments?post=82236"}],"version-history":[{"count":1,"href":"https:\/\/eldiariodesanpedro.com.ar\/sitio\/wp-json\/wp\/v2\/posts\/82236\/revisions"}],"predecessor-version":[{"id":82238,"href":"https:\/\/eldiariodesanpedro.com.ar\/sitio\/wp-json\/wp\/v2\/posts\/82236\/revisions\/82238"}],"wp:featuredmedia":[{"embeddable":true,"href":"https:\/\/eldiariodesanpedro.com.ar\/sitio\/wp-json\/wp\/v2\/media\/82237"}],"wp:attachment":[{"href":"https:\/\/eldiariodesanpedro.com.ar\/sitio\/wp-json\/wp\/v2\/media?parent=82236"}],"wp:term":[{"taxonomy":"category","embeddable":true,"href":"https:\/\/eldiariodesanpedro.com.ar\/sitio\/wp-json\/wp\/v2\/categories?post=82236"},{"taxonomy":"post_tag","embeddable":true,"href":"https:\/\/eldiariodesanpedro.com.ar\/sitio\/wp-json\/wp\/v2\/tags?post=82236"}],"curies":[{"name":"wp","href":"https:\/\/api.w.org\/{rel}","templated":true}]}}