{"id":82226,"date":"2020-10-15T10:09:31","date_gmt":"2020-10-15T13:09:31","guid":{"rendered":"https:\/\/eldiariodesanpedro.com.ar\/sitio\/?p=82226"},"modified":"2020-10-15T10:09:35","modified_gmt":"2020-10-15T13:09:35","slug":"edicto-de-sucesion-de-huesa-noemi","status":"publish","type":"post","link":"https:\/\/eldiariodesanpedro.com.ar\/sitio\/edicto-de-sucesion-de-huesa-noemi\/","title":{"rendered":"Edicto de Sucesi\u00f3n de Huesa Noemi"},"content":{"rendered":"<!-- VideographyWP Plugin Message: Automatic video embedding prevented by plugin options. -->\n\n<p>El Juzgado de Primera Instancia en lo Civil y Comercial N\u00ba 1 del Departamento Judicial de San Nicol\u00e1s, cita y emplaza por treinta d\u00edas a herederos y acreedores de <strong>Huesa Noemi<\/strong>.- San Nicol\u00e1s, 29 de Septiembre de 2020.-<\/p>\n\n\n\n<p>CIVILOTTI DANIEL<br>ABOGADO SECRETARIO<\/p>\n","protected":false},"excerpt":{"rendered":"<p>El Juzgado de Primera Instancia en lo Civil y Comercial N\u00ba 1 del Departamento Judicial de San Nicol\u00e1s, cita y emplaza por treinta d\u00edas a herederos y acreedores de Huesa Noemi.- San Nicol\u00e1s, 29 de Septiembre de 2020.- CIVILOTTI DANIELABOGADO SECRETARIO<\/p>\n","protected":false},"author":4,"featured_media":81115,"comment_status":"open","ping_status":"closed","sticky":false,"template":"","format":"standard","meta":{"om_disable_all_campaigns":false,"_jetpack_memberships_contains_paid_content":false,"footnotes":""},"categories":[676,677],"tags":[1121,1355,1122],"class_list":["post-82226","post","type-post","status-publish","format-standard","has-post-thumbnail","hentry","category-edictos","category-edictos-sucesorios","tag-edicto","tag-judiciales","tag-sucesion"],"aioseo_notices":[],"gutentor_comment":0,"jetpack_featured_media_url":"https:\/\/eldiariodesanpedro.com.ar\/sitio\/wp-content\/uploads\/2020\/09\/Poder-Judicial.jpg","jetpack_shortlink":"https:\/\/wp.me\/p6RhLt-loe","jetpack_sharing_enabled":true,"_links":{"self":[{"href":"https:\/\/eldiariodesanpedro.com.ar\/sitio\/wp-json\/wp\/v2\/posts\/82226","targetHints":{"allow":["GET"]}}],"collection":[{"href":"https:\/\/eldiariodesanpedro.com.ar\/sitio\/wp-json\/wp\/v2\/posts"}],"about":[{"href":"https:\/\/eldiariodesanpedro.com.ar\/sitio\/wp-json\/wp\/v2\/types\/post"}],"author":[{"embeddable":true,"href":"https:\/\/eldiariodesanpedro.com.ar\/sitio\/wp-json\/wp\/v2\/users\/4"}],"replies":[{"embeddable":true,"href":"https:\/\/eldiariodesanpedro.com.ar\/sitio\/wp-json\/wp\/v2\/comments?post=82226"}],"version-history":[{"count":1,"href":"https:\/\/eldiariodesanpedro.com.ar\/sitio\/wp-json\/wp\/v2\/posts\/82226\/revisions"}],"predecessor-version":[{"id":82227,"href":"https:\/\/eldiariodesanpedro.com.ar\/sitio\/wp-json\/wp\/v2\/posts\/82226\/revisions\/82227"}],"wp:featuredmedia":[{"embeddable":true,"href":"https:\/\/eldiariodesanpedro.com.ar\/sitio\/wp-json\/wp\/v2\/media\/81115"}],"wp:attachment":[{"href":"https:\/\/eldiariodesanpedro.com.ar\/sitio\/wp-json\/wp\/v2\/media?parent=82226"}],"wp:term":[{"taxonomy":"category","embeddable":true,"href":"https:\/\/eldiariodesanpedro.com.ar\/sitio\/wp-json\/wp\/v2\/categories?post=82226"},{"taxonomy":"post_tag","embeddable":true,"href":"https:\/\/eldiariodesanpedro.com.ar\/sitio\/wp-json\/wp\/v2\/tags?post=82226"}],"curies":[{"name":"wp","href":"https:\/\/api.w.org\/{rel}","templated":true}]}}