{"id":82219,"date":"2020-10-14T21:25:36","date_gmt":"2020-10-15T00:25:36","guid":{"rendered":"https:\/\/eldiariodesanpedro.com.ar\/sitio\/?p=82219"},"modified":"2020-10-14T21:25:40","modified_gmt":"2020-10-15T00:25:40","slug":"se-recibieron-100-resultados-de-los-que-50-son-positivos-quedando-205-activos","status":"publish","type":"post","link":"https:\/\/eldiariodesanpedro.com.ar\/sitio\/se-recibieron-100-resultados-de-los-que-50-son-positivos-quedando-205-activos\/","title":{"rendered":"Se recibieron 100 resultados de los que 50 son positivos, quedando 205 activos"},"content":{"rendered":"<!-- VideographyWP Plugin Message: Automatic video embedding prevented by plugin options. -->\n\n<p>La Secretar\u00eda de Salud de la Municipalidad de San Pedro informa la actualizaci\u00f3n de seguimiento a la Pandemia de Covid-19.<\/p>\n\n\n\n<p>INFORME DIARIO<br>Se recibieron 90 resultados de las muestras enviadas el 10 de octubre al Laboratorio del Instituto Malbr\u00e1n, que sumaron 42 casos positivos y 48 resultados negativos.<\/p>\n\n\n\n<p>Los nuevos positivos corresponden a:19 mujeres de 14, 19(2), 29, 33, 34(2), 36, 37(2), 41, 43, 44, 45(2), 49, 51, 54 y 67 a\u00f1os.<br>23 hombres de 19, 20, 23, 24(2), 25, 26, 30, 34, 41(2), 42, 43, 45(2), 49, 53, 54, 58, 60, 62(2) y 71 a\u00f1os.<\/p>\n\n\n\n<p>En el Laboratorio del Hospital SADIV, fueron recibidas 10 muestras. 2 de ellas con resultado negativo y 8 con resultado positivo correspondientes a mujeres de 24, 28 y 40 y hombres de 32, 39, 44(2) y 73 a\u00f1os.<\/p>\n\n\n\n<p>Total de nuevos positivos: 50<br>Total de nuevos negativos: 50<\/p>\n\n\n\n<p>FALLECIMIENTOS<br>Hoy se reportaron tres fallecimientos de vecinos de San Pedro con casos positivos de Covid-19.<br>A primera hora se comunic\u00f3 el fallecimiento del Sr. Carlos Alberto Gonz\u00e1lez, de 67 a\u00f1os, que se encontraba internado en cl\u00ednica privada por un caso positivo de Covid-19.<br>Por la tarde se notific\u00f3 el deceso de la Sra. Graciela Bortolotti de 75 a\u00f1os que se encontraba internada en Campana, luego de haber sido trasladada desde San Pedro.<br>Finalmente se comunic\u00f3 el fallecimiento del Sr. Juan Tissera de 66 a\u00f1os, en la ciudad de Carmen de Areco, adonde hab\u00eda sido trasladado desde el Hospital.<br>Expresamos nuestras condolencias con sus familiares y seres queridos.<\/p>\n\n\n\n<p>MUESTRAS<br>Se enviaron 62 muestras a trav\u00e9s del sistema p\u00fablico<br>31 mujeres de 20, 21, 22, 23, 24, 29(2), 30, 33(2), 34, 36(2), 38, 39, 40, 41, 44(3), 46, 48(2), 51, 52, 53(2), 54, 62, 64 y 84 a\u00f1os.<br>31 hombres de 18, 19, 24, 25, 26(2), 28(2), 29, 31(2), 33(2), 34(2), 37(2), 40, 42(2), 43, 45, 47, 48, 50(2), 51, 53, 60 y 73(2) a\u00f1os.<\/p>\n\n\n\n<p>Resumen actualizado de informaci\u00f3n oficial<br>Positivos desde el inicio de la Pandemia: 1318<\/p>\n\n\n\n<p>Activos: 205<br>Recuperados: 1072<br>Fallecidos: 41<br>\u00daltimo env\u00edo de muestras: 62<br>Muestras pendientes: 102<br>Negativos desde el inicio de la Pandemia: 1616<br><br>Los datos consignados en este informe corresponden a ex\u00e1menes realizados por PCR.<\/p>\n\n\n\n<p>&#x1f449; Usar tapabocas.<br>&#x1f449; Mantener la distancia m\u00ednima de 2 metros.<br>&#x1f449; Extremar la higiene de los espacios.<br>&#x1f449; Mantener las manos limpias.<\/p>\n\n\n\n<p>Se recuerda que, ante s\u00edntomas de tos seca, fiebre y dolor de garganta y la probabilidad de haber estado en contacto con enfermos o viajeros llegados desde las zonas transmisi\u00f3n local o comunitaria se puede llamar al 148 o 107.<\/p>\n\n\n\n<figure class=\"wp-block-image size-large\"><img decoding=\"async\" width=\"1024\" height=\"992\" data-attachment-id=\"82220\" data-permalink=\"https:\/\/eldiariodesanpedro.com.ar\/sitio\/se-recibieron-100-resultados-de-los-que-50-son-positivos-quedando-205-activos\/whatsapp-image-2020-10-14-at-21-09-19\/\" data-orig-file=\"https:\/\/eldiariodesanpedro.com.ar\/sitio\/wp-content\/uploads\/2020\/10\/WhatsApp-Image-2020-10-14-at-21.09.19.jpeg\" data-orig-size=\"1280,1240\" data-comments-opened=\"1\" data-image-meta=\"{&quot;aperture&quot;:&quot;0&quot;,&quot;credit&quot;:&quot;&quot;,&quot;camera&quot;:&quot;&quot;,&quot;caption&quot;:&quot;&quot;,&quot;created_timestamp&quot;:&quot;0&quot;,&quot;copyright&quot;:&quot;&quot;,&quot;focal_length&quot;:&quot;0&quot;,&quot;iso&quot;:&quot;0&quot;,&quot;shutter_speed&quot;:&quot;0&quot;,&quot;title&quot;:&quot;&quot;,&quot;orientation&quot;:&quot;0&quot;}\" data-image-title=\"WhatsApp-Image-2020-10-14-at-21.09.19\" data-image-description=\"\" data-image-caption=\"\" data-large-file=\"https:\/\/eldiariodesanpedro.com.ar\/sitio\/wp-content\/uploads\/2020\/10\/WhatsApp-Image-2020-10-14-at-21.09.19-1024x992.jpeg\" data-src=\"https:\/\/eldiariodesanpedro.com.ar\/sitio\/wp-content\/uploads\/2020\/10\/WhatsApp-Image-2020-10-14-at-21.09.19-1024x992.jpeg\" alt=\"\" class=\"wp-image-82220 lazyload\" data-srcset=\"https:\/\/eldiariodesanpedro.com.ar\/sitio\/wp-content\/uploads\/2020\/10\/WhatsApp-Image-2020-10-14-at-21.09.19-1024x992.jpeg 1024w, https:\/\/eldiariodesanpedro.com.ar\/sitio\/wp-content\/uploads\/2020\/10\/WhatsApp-Image-2020-10-14-at-21.09.19-300x291.jpeg 300w, https:\/\/eldiariodesanpedro.com.ar\/sitio\/wp-content\/uploads\/2020\/10\/WhatsApp-Image-2020-10-14-at-21.09.19-768x744.jpeg 768w, https:\/\/eldiariodesanpedro.com.ar\/sitio\/wp-content\/uploads\/2020\/10\/WhatsApp-Image-2020-10-14-at-21.09.19.jpeg 1280w\" data-sizes=\"(max-width: 1024px) 100vw, 1024px\" src=\"data:image\/svg+xml;base64,PHN2ZyB3aWR0aD0iMSIgaGVpZ2h0PSIxIiB4bWxucz0iaHR0cDovL3d3dy53My5vcmcvMjAwMC9zdmciPjwvc3ZnPg==\" style=\"--smush-placeholder-width: 1024px; --smush-placeholder-aspect-ratio: 1024\/992;\" \/><\/figure>\n","protected":false},"excerpt":{"rendered":"<p>La Secretar\u00eda de Salud de la Municipalidad de San Pedro informa la actualizaci\u00f3n de seguimiento a la Pandemia de Covid-19. INFORME DIARIOSe recibieron 90 resultados de las muestras enviadas el 10 de octubre al Laboratorio del Instituto Malbr\u00e1n, que sumaron 42 casos positivos y 48 resultados negativos. Los nuevos positivos corresponden a:19 mujeres de 14, [&hellip;]<\/p>\n","protected":false},"author":4,"featured_media":75824,"comment_status":"open","ping_status":"closed","sticky":false,"template":"","format":"standard","meta":{"om_disable_all_campaigns":false,"_jetpack_memberships_contains_paid_content":false,"footnotes":""},"categories":[50,101,2],"tags":[],"class_list":["post-82219","post","type-post","status-publish","format-standard","has-post-thumbnail","hentry","category-destacadas","category-interes-general-locales","category-locales"],"aioseo_notices":[],"gutentor_comment":0,"jetpack_featured_media_url":"https:\/\/eldiariodesanpedro.com.ar\/sitio\/wp-content\/uploads\/2020\/06\/coronavirus-2_124fd4e7k7j5f1lzjl9z2tf65c.jpg","jetpack_shortlink":"https:\/\/wp.me\/p6RhLt-lo7","jetpack_sharing_enabled":true,"_links":{"self":[{"href":"https:\/\/eldiariodesanpedro.com.ar\/sitio\/wp-json\/wp\/v2\/posts\/82219","targetHints":{"allow":["GET"]}}],"collection":[{"href":"https:\/\/eldiariodesanpedro.com.ar\/sitio\/wp-json\/wp\/v2\/posts"}],"about":[{"href":"https:\/\/eldiariodesanpedro.com.ar\/sitio\/wp-json\/wp\/v2\/types\/post"}],"author":[{"embeddable":true,"href":"https:\/\/eldiariodesanpedro.com.ar\/sitio\/wp-json\/wp\/v2\/users\/4"}],"replies":[{"embeddable":true,"href":"https:\/\/eldiariodesanpedro.com.ar\/sitio\/wp-json\/wp\/v2\/comments?post=82219"}],"version-history":[{"count":1,"href":"https:\/\/eldiariodesanpedro.com.ar\/sitio\/wp-json\/wp\/v2\/posts\/82219\/revisions"}],"predecessor-version":[{"id":82221,"href":"https:\/\/eldiariodesanpedro.com.ar\/sitio\/wp-json\/wp\/v2\/posts\/82219\/revisions\/82221"}],"wp:featuredmedia":[{"embeddable":true,"href":"https:\/\/eldiariodesanpedro.com.ar\/sitio\/wp-json\/wp\/v2\/media\/75824"}],"wp:attachment":[{"href":"https:\/\/eldiariodesanpedro.com.ar\/sitio\/wp-json\/wp\/v2\/media?parent=82219"}],"wp:term":[{"taxonomy":"category","embeddable":true,"href":"https:\/\/eldiariodesanpedro.com.ar\/sitio\/wp-json\/wp\/v2\/categories?post=82219"},{"taxonomy":"post_tag","embeddable":true,"href":"https:\/\/eldiariodesanpedro.com.ar\/sitio\/wp-json\/wp\/v2\/tags?post=82219"}],"curies":[{"name":"wp","href":"https:\/\/api.w.org\/{rel}","templated":true}]}}