{"id":8221,"date":"2016-09-20T19:29:33","date_gmt":"2016-09-20T22:29:33","guid":{"rendered":"https:\/\/eldiariodesanpedro.com.ar\/sitio\/?p=8221"},"modified":"2016-09-20T19:29:33","modified_gmt":"2016-09-20T22:29:33","slug":"detienen-a-un-delincuente-vinculado-a-robos-en-la-zona-rural","status":"publish","type":"post","link":"https:\/\/eldiariodesanpedro.com.ar\/sitio\/detienen-a-un-delincuente-vinculado-a-robos-en-la-zona-rural\/","title":{"rendered":"Detienen a un delincuente vinculado a robos en la zona rural"},"content":{"rendered":"<p><!-- VideographyWP Plugin Message: Automatic video embedding prevented by plugin options. --><br \/>\nEn la tarde de este lunes, la polic\u00eda detuvo a Lautaro Dami\u00e1n Paz, de 19 a\u00f1os, en F. C. Rodr\u00edguez y Hermano Indio. El joven era buscado desde fines del a\u00f1o pasado, acusado de participar en varios hechos delictivos en la zona rural de nuestra ciudad y tambi\u00e9n de Pergamino.<br \/>\nEn el mes de febrero se llevaron a cabo varios allanamientos, donde fueron aprehendidas dos personas. Sin embargo, la polic\u00eda no pudo dar con el malviviente. El mismo ten\u00eda en su contra una orden de captura emanada por el Juzgado de Garant\u00edas interviniente en las causas en su contra.<\/p>\n<p>El hecho al cual se lo vincula<\/p>\n<p>La polic\u00eda local hall\u00f3 en febrero pasado una camioneta VW Amarok de color gris que hab\u00eda sido robada en la ciudad de Pergamino. El veh\u00edculo fue encontrado sobre el viejo camino real que une San Pedro con Gdor. Castro, en proximidades del paraje Espinillo, cerca de donde fue asesinado el productor Ariel Lido Gomila.<br \/>\nDesde entonces el fiscal Marcelo Manso investiga la aparici\u00f3n del rodado, ya que los il\u00edcitos cometidos en Pergamino tienen cierta similitud con los acontecidos en el partido de San Pedro  y en la zona en los \u00faltimos tiempos.<br \/>\nSeg\u00fan lo inform\u00f3 el diario La Opini\u00f3n de Pergamino, cuatro sujetos armados cometieron un raid delictivo el martes 9 de febrero. Asaltaron un campo ubicado en el paraje 12 de Agosto y luego se trasladaron a otro de Acevedo, donde repitieron la acci\u00f3n. En ambos casos maniataron a sus v\u00edctimas y se apoderaron de dinero, armas, objetos de valor y una camioneta.<br \/>\nLos malvivientes a bordo de una camioneta Ford Ranger de color gris y con vidrios polarizados, se presentaron en un establecimiento rural ubicado sobre el camino que conduce al paraje 12 de Agosto, a unos mil metros de la ruta N \u00ba 32. All\u00ed se encontraban Faustino y Miguel Ballestrase, propietarios del lugar junto a sus hijos menores de edad. Los delincuentes, exhibiendo armas de fuego, redujeron y maniataron a sus v\u00edctimas y se apoderaron de aproximadamente 1.400 pesos que uno de los mayores ten\u00eda en su billetera, un cuchillo, una grabadora (que registra lo que filma una c\u00e1mara de seguridad que posee el establecimiento), una bater\u00eda y un manojo de llaves.<br \/>\nTras revisar toda la casa, los delincuentes se retiraron y dejaron maniatadas a todas sus v\u00edctimas en el interior de la vivienda. Cuando \u00e9stas pudieron desatarse, dieron aviso a la Polic\u00eda.<br \/>\nMientras las fuerzas de seguridad eran alertadas de lo sucedido en 12 de Agosto, las mismas personas estaban perpetrando un segundo asalto, esta vez en el campo de Antonio Masalles, ubicado a la vera de la ruta N\u00ba 188, entre Acevedo y Guerrico. All\u00ed se encontraba el propietario junto a su esposa cuando ingres\u00f3 al lugar el mismo rodado, con los ladrones, bajo el argumento de solicitar agua para beber. La situaci\u00f3n pareci\u00f3 extra\u00f1a pero en cuesti\u00f3n de segundos los sujetos ya estaban adentro de la casa y dispuestos a cometer el atraco.<br \/>\nDe inmediato, esgrimieron armas de fuego y, al igual que en el hecho cometido minutos antes, redujeron al matrimonio y lo maniataron dentro de la vivienda. De ese modo, pudieron revisar con total tranquilidad la propiedad y hallaron algo de dinero en efectivo que el matrimonio ten\u00eda para gastos corrientes, tres escopetas, una carabina, un aire acondicionado port\u00e1til, varios adornos antiguos y hasta el lavavajillas con los cubiertos en su interior. Adem\u00e1s se llevaron la camioneta de Masalles, una VW Amarok de color gris.<br \/>\nDejaron atadas a sus dos v\u00edctimas y se dieron a la fuga con rumbo desconocido en ambos veh\u00edculos. Uno de ellos fue el encontrado en nuestra zona.<\/p>\n","protected":false},"excerpt":{"rendered":"<p>En la tarde de este lunes, la polic\u00eda detuvo a Lautaro Dami\u00e1n Paz, de 19 a\u00f1os, en F. C. Rodr\u00edguez y Hermano Indio. El joven era buscado desde fines del a\u00f1o pasado, acusado de participar en varios hechos delictivos en la zona rural de nuestra ciudad y tambi\u00e9n de Pergamino. En el mes de febrero [&hellip;]<\/p>\n","protected":false},"author":4,"featured_media":5165,"comment_status":"open","ping_status":"closed","sticky":false,"template":"","format":"standard","meta":{"om_disable_all_campaigns":false,"_jetpack_memberships_contains_paid_content":false,"footnotes":""},"categories":[50,101,2],"tags":[],"class_list":["post-8221","post","type-post","status-publish","format-standard","has-post-thumbnail","hentry","category-destacadas","category-interes-general-locales","category-locales"],"aioseo_notices":[],"gutentor_comment":0,"jetpack_featured_media_url":"https:\/\/eldiariodesanpedro.com.ar\/sitio\/wp-content\/uploads\/2016\/06\/policia-rural.jpg","jetpack_shortlink":"https:\/\/wp.me\/p6RhLt-28B","jetpack_sharing_enabled":true,"_links":{"self":[{"href":"https:\/\/eldiariodesanpedro.com.ar\/sitio\/wp-json\/wp\/v2\/posts\/8221","targetHints":{"allow":["GET"]}}],"collection":[{"href":"https:\/\/eldiariodesanpedro.com.ar\/sitio\/wp-json\/wp\/v2\/posts"}],"about":[{"href":"https:\/\/eldiariodesanpedro.com.ar\/sitio\/wp-json\/wp\/v2\/types\/post"}],"author":[{"embeddable":true,"href":"https:\/\/eldiariodesanpedro.com.ar\/sitio\/wp-json\/wp\/v2\/users\/4"}],"replies":[{"embeddable":true,"href":"https:\/\/eldiariodesanpedro.com.ar\/sitio\/wp-json\/wp\/v2\/comments?post=8221"}],"version-history":[{"count":1,"href":"https:\/\/eldiariodesanpedro.com.ar\/sitio\/wp-json\/wp\/v2\/posts\/8221\/revisions"}],"predecessor-version":[{"id":8223,"href":"https:\/\/eldiariodesanpedro.com.ar\/sitio\/wp-json\/wp\/v2\/posts\/8221\/revisions\/8223"}],"wp:featuredmedia":[{"embeddable":true,"href":"https:\/\/eldiariodesanpedro.com.ar\/sitio\/wp-json\/wp\/v2\/media\/5165"}],"wp:attachment":[{"href":"https:\/\/eldiariodesanpedro.com.ar\/sitio\/wp-json\/wp\/v2\/media?parent=8221"}],"wp:term":[{"taxonomy":"category","embeddable":true,"href":"https:\/\/eldiariodesanpedro.com.ar\/sitio\/wp-json\/wp\/v2\/categories?post=8221"},{"taxonomy":"post_tag","embeddable":true,"href":"https:\/\/eldiariodesanpedro.com.ar\/sitio\/wp-json\/wp\/v2\/tags?post=8221"}],"curies":[{"name":"wp","href":"https:\/\/api.w.org\/{rel}","templated":true}]}}