{"id":82187,"date":"2020-10-14T10:38:29","date_gmt":"2020-10-14T13:38:29","guid":{"rendered":"https:\/\/eldiariodesanpedro.com.ar\/sitio\/?p=82187"},"modified":"2020-10-14T10:38:33","modified_gmt":"2020-10-14T13:38:33","slug":"baradero-leticia-houriet-secretaria-de-gobierno-dio-positivo-de-coronavirus","status":"publish","type":"post","link":"https:\/\/eldiariodesanpedro.com.ar\/sitio\/baradero-leticia-houriet-secretaria-de-gobierno-dio-positivo-de-coronavirus\/","title":{"rendered":"BARADERO | Leticia Houriet, Secretaria de Gobierno, dio positivo de coronavirus"},"content":{"rendered":"<!-- VideographyWP Plugin Message: Automatic video embedding prevented by plugin options. -->\n\n<p>Leticia se encuentra actualmente con un estado gripal y aislada en su domicilio. El Director Administrativo del Hospital Julio Lenguitti, dijo que est\u00e1n en constante contacto con ella para ver c\u00f3mo evoluciona con el correr de los d\u00edas.<\/p>\n\n\n\n<p>\u201cEs muy probable que Leticia se haya contagiado en el sanatorio en el que estaba internada su hija al momento de dar a luz\u201d, coment\u00f3 Lenguitti.<\/p>\n\n\n\n<p>En el \u00e1rea municipal est\u00e1n aisladas ella y su secretaria ya que es con la \u00fanica persona que tuvo contacto estrecho en los \u00faltimos d\u00edas.<\/p>\n\n\n\n<p>Fuente: <a href=\"https:\/\/tulineadirecta.com\/leticia-houriet-secretaria-de-gobierno-dio-positivo-de-coronavirus\/\">Tu Linea Directa<\/a><\/p>\n","protected":false},"excerpt":{"rendered":"<p>Leticia se encuentra actualmente con un estado gripal y aislada en su domicilio. El Director Administrativo del Hospital Julio Lenguitti, dijo que est\u00e1n en constante contacto con ella para ver c\u00f3mo evoluciona con el correr de los d\u00edas. \u201cEs muy probable que Leticia se haya contagiado en el sanatorio en el que estaba internada su [&hellip;]<\/p>\n","protected":false},"author":4,"featured_media":82188,"comment_status":"open","ping_status":"closed","sticky":false,"template":"","format":"standard","meta":{"om_disable_all_campaigns":false,"_jetpack_memberships_contains_paid_content":false,"footnotes":""},"categories":[621],"tags":[139,197,681],"class_list":["post-82187","post","type-post","status-publish","format-standard","has-post-thumbnail","hentry","category-regionales","tag-baradero","tag-buenos-aires","tag-regionales"],"aioseo_notices":[],"gutentor_comment":0,"jetpack_featured_media_url":"https:\/\/eldiariodesanpedro.com.ar\/sitio\/wp-content\/uploads\/2020\/10\/leticia-houriet.jpg","jetpack_shortlink":"https:\/\/wp.me\/p6RhLt-lnB","jetpack_sharing_enabled":true,"_links":{"self":[{"href":"https:\/\/eldiariodesanpedro.com.ar\/sitio\/wp-json\/wp\/v2\/posts\/82187","targetHints":{"allow":["GET"]}}],"collection":[{"href":"https:\/\/eldiariodesanpedro.com.ar\/sitio\/wp-json\/wp\/v2\/posts"}],"about":[{"href":"https:\/\/eldiariodesanpedro.com.ar\/sitio\/wp-json\/wp\/v2\/types\/post"}],"author":[{"embeddable":true,"href":"https:\/\/eldiariodesanpedro.com.ar\/sitio\/wp-json\/wp\/v2\/users\/4"}],"replies":[{"embeddable":true,"href":"https:\/\/eldiariodesanpedro.com.ar\/sitio\/wp-json\/wp\/v2\/comments?post=82187"}],"version-history":[{"count":1,"href":"https:\/\/eldiariodesanpedro.com.ar\/sitio\/wp-json\/wp\/v2\/posts\/82187\/revisions"}],"predecessor-version":[{"id":82189,"href":"https:\/\/eldiariodesanpedro.com.ar\/sitio\/wp-json\/wp\/v2\/posts\/82187\/revisions\/82189"}],"wp:featuredmedia":[{"embeddable":true,"href":"https:\/\/eldiariodesanpedro.com.ar\/sitio\/wp-json\/wp\/v2\/media\/82188"}],"wp:attachment":[{"href":"https:\/\/eldiariodesanpedro.com.ar\/sitio\/wp-json\/wp\/v2\/media?parent=82187"}],"wp:term":[{"taxonomy":"category","embeddable":true,"href":"https:\/\/eldiariodesanpedro.com.ar\/sitio\/wp-json\/wp\/v2\/categories?post=82187"},{"taxonomy":"post_tag","embeddable":true,"href":"https:\/\/eldiariodesanpedro.com.ar\/sitio\/wp-json\/wp\/v2\/tags?post=82187"}],"curies":[{"name":"wp","href":"https:\/\/api.w.org\/{rel}","templated":true}]}}