{"id":82173,"date":"2020-10-13T19:38:43","date_gmt":"2020-10-13T22:38:43","guid":{"rendered":"https:\/\/eldiariodesanpedro.com.ar\/sitio\/?p=82173"},"modified":"2020-10-13T19:38:44","modified_gmt":"2020-10-13T22:38:44","slug":"negativa-desde-la-provincia-por-la-apertura-de-gimnasios-y-profesores-de-actividades-fisicas","status":"publish","type":"post","link":"https:\/\/eldiariodesanpedro.com.ar\/sitio\/negativa-desde-la-provincia-por-la-apertura-de-gimnasios-y-profesores-de-actividades-fisicas\/","title":{"rendered":"Negativa desde la provincia por la apertura de gimnasios y profesores de actividades f\u00edsicas"},"content":{"rendered":"<!-- VideographyWP Plugin Message: Automatic video embedding prevented by plugin options. -->\n\n<p>En la jornada de hoy la municipalidad de San Pedro recibi\u00f3 la respuesta por parte del Gobierno provincial que fue como se esperaba negativo.<\/p>\n\n\n\n<p>D\u00edas atr\u00e1s se hab\u00eda realizado una Reuni\u00f3n del ejecutivo junto a representantes de los gimnasios y profesores de diferentes disciplinas deportivas donde se trato la posibilidad de la apertura de los mismos.<\/p>\n\n\n\n<p>En la jornada de hoy se informo la negativa al petitorio presentado y la aclaracion que solo se podra realizar la apertura cuando la ciudad pase a fase 5.<\/p>\n\n\n\n<p>Recordemos que en esta nueva etapa del aislamiento que dio comienzo a partir del d\u00eda de ayer la fase 5 se podr\u00e1 alcanzar cuando los casos no superen los 5 casos cada 100 mil habitantes dentro de los 10 d\u00edas.<\/p>\n\n\n\n<p>Lamentablemente esta actividad sigue con mas de 7 meses cerrados y contin\u00faan con la disconformidad del sector teniendo en cuenta la apertura de bares sin controles de capacidad, entre otras aperturas que no son beneficiosas para la salud. <\/p>\n","protected":false},"excerpt":{"rendered":"<p>En la jornada de hoy la municipalidad de San Pedro recibi\u00f3 la respuesta por parte del Gobierno provincial que fue como se esperaba negativo. D\u00edas atr\u00e1s se hab\u00eda realizado una Reuni\u00f3n del ejecutivo junto a representantes de los gimnasios y profesores de diferentes disciplinas deportivas donde se trato la posibilidad de la apertura de los [&hellip;]<\/p>\n","protected":false},"author":4,"featured_media":81625,"comment_status":"open","ping_status":"closed","sticky":false,"template":"","format":"standard","meta":{"om_disable_all_campaigns":false,"_jetpack_memberships_contains_paid_content":false,"footnotes":""},"categories":[50,101,2],"tags":[197,696,33],"class_list":["post-82173","post","type-post","status-publish","format-standard","has-post-thumbnail","hentry","category-destacadas","category-interes-general-locales","category-locales","tag-buenos-aires","tag-interes-general","tag-locales"],"aioseo_notices":[],"gutentor_comment":0,"jetpack_featured_media_url":"https:\/\/eldiariodesanpedro.com.ar\/sitio\/wp-content\/uploads\/2020\/10\/WhatsApp-Image-2020-10-01-at-15.46.40-1.jpeg","jetpack_shortlink":"https:\/\/wp.me\/p6RhLt-lnn","jetpack_sharing_enabled":true,"_links":{"self":[{"href":"https:\/\/eldiariodesanpedro.com.ar\/sitio\/wp-json\/wp\/v2\/posts\/82173","targetHints":{"allow":["GET"]}}],"collection":[{"href":"https:\/\/eldiariodesanpedro.com.ar\/sitio\/wp-json\/wp\/v2\/posts"}],"about":[{"href":"https:\/\/eldiariodesanpedro.com.ar\/sitio\/wp-json\/wp\/v2\/types\/post"}],"author":[{"embeddable":true,"href":"https:\/\/eldiariodesanpedro.com.ar\/sitio\/wp-json\/wp\/v2\/users\/4"}],"replies":[{"embeddable":true,"href":"https:\/\/eldiariodesanpedro.com.ar\/sitio\/wp-json\/wp\/v2\/comments?post=82173"}],"version-history":[{"count":1,"href":"https:\/\/eldiariodesanpedro.com.ar\/sitio\/wp-json\/wp\/v2\/posts\/82173\/revisions"}],"predecessor-version":[{"id":82174,"href":"https:\/\/eldiariodesanpedro.com.ar\/sitio\/wp-json\/wp\/v2\/posts\/82173\/revisions\/82174"}],"wp:featuredmedia":[{"embeddable":true,"href":"https:\/\/eldiariodesanpedro.com.ar\/sitio\/wp-json\/wp\/v2\/media\/81625"}],"wp:attachment":[{"href":"https:\/\/eldiariodesanpedro.com.ar\/sitio\/wp-json\/wp\/v2\/media?parent=82173"}],"wp:term":[{"taxonomy":"category","embeddable":true,"href":"https:\/\/eldiariodesanpedro.com.ar\/sitio\/wp-json\/wp\/v2\/categories?post=82173"},{"taxonomy":"post_tag","embeddable":true,"href":"https:\/\/eldiariodesanpedro.com.ar\/sitio\/wp-json\/wp\/v2\/tags?post=82173"}],"curies":[{"name":"wp","href":"https:\/\/api.w.org\/{rel}","templated":true}]}}