{"id":82168,"date":"2020-10-13T19:17:55","date_gmt":"2020-10-13T22:17:55","guid":{"rendered":"https:\/\/eldiariodesanpedro.com.ar\/sitio\/?p=82168"},"modified":"2020-10-13T19:17:59","modified_gmt":"2020-10-13T22:17:59","slug":"prestadores-turisticos-solicitaron-planificar-la-reactivacion-del-sector","status":"publish","type":"post","link":"https:\/\/eldiariodesanpedro.com.ar\/sitio\/prestadores-turisticos-solicitaron-planificar-la-reactivacion-del-sector\/","title":{"rendered":"Prestadores Tur\u00edsticos solicitaron planificar la reactivaci\u00f3n del sector"},"content":{"rendered":"<!-- VideographyWP Plugin Message: Automatic video embedding prevented by plugin options. -->\n\n<p>El Intendente Municipal Cecilio Salazar y la Directora de Turismo Marcela Cu\u00f1er recibieron este mediod\u00eda a prestadores tur\u00edsticos del Partido de San Pedro en una reuni\u00f3n solicitada para comenzar a planificar la reapertura organizada de los diferentes establecimientos que cuentan con infraestructura de alojamiento y que vienen paralizados desde el inicio de la Pandemia.<\/p>\n\n\n\n<p>En la reuni\u00f3n estuvo presente tambi\u00e9n el Presidente de la C\u00e1mara de Turismo del Centro de Comercio Gonzalo Castagnola y propietarios o responsables de complejos de la regi\u00f3n.<\/p>\n\n\n\n<p>Las restricciones establecidas para la actividad provocaron un grave perjuicio para los empresarios y tambi\u00e9n para quienes cuentan con la oportunidad de trabajar all\u00ed durante el a\u00f1o.<\/p>\n\n\n\n<p>Ante la perspectiva de una temporada tur\u00edstica diferente, que requerir\u00e1 una din\u00e1mica espec\u00edfica en las condiciones de atenci\u00f3n a los visitantes, los empresarios manifestaron su voluntad de comenzar a trabajar, cuando la Provincia de Buenos Aires lo autorice, aplicando los protocolos generales que est\u00e1n siendo evaluados por las autoridades y aplicando adem\u00e1s todas aquellas medidas que de acuerdo sus caracter\u00edsticas espec\u00edficas puede disponer cada complejo.<\/p>\n\n\n\n<p>La planificaci\u00f3n de las entradas y salidas, el mantenimiento del distanciamiento social en cada una de las etapas de la estad\u00eda, los reg\u00edmenes de desayuno o pensi\u00f3n y una larga lista de aspectos ya est\u00e1n siendo tenidos en cuenta por los propios prestadores quienes ofrecieron extremar las medidas para reanudar el trabajo cuando se obtengan las autorizaciones correspondientes.<\/p>\n\n\n\n<p>Desde el gobierno local se respalda plenamente esta iniciativa, manteniendo como concepto principal el cuidado de la salud y entendiendo al mismo tiempo la relevancia que la actividad tur\u00edstica tiene para San Pedro, especialmente en una temporada en la que ser\u00e1 mucho mayor la demanda desde los grandes centros urbanos para poder descansar sin viajes largos y con la posibilidad de contar con una r\u00e1pida respuesta sanitaria en caso de ser necesario.<\/p>\n\n\n\n<p>Como conclusi\u00f3n, desde el gobierno a trav\u00e9s de la Direcci\u00f3n de Turismo se realizar\u00e1n las consultas y pedidos correspondientes y desde los prestadores se continuar\u00e1 trabajando de manera conjunta para poder estar en condiciones de reactivar las reservas y la recepci\u00f3n de turistas tan pronto como sea posible.<\/p>\n","protected":false},"excerpt":{"rendered":"<p>El Intendente Municipal Cecilio Salazar y la Directora de Turismo Marcela Cu\u00f1er recibieron este mediod\u00eda a prestadores tur\u00edsticos del Partido de San Pedro en una reuni\u00f3n solicitada para comenzar a planificar la reapertura organizada de los diferentes establecimientos que cuentan con infraestructura de alojamiento y que vienen paralizados desde el inicio de la Pandemia. En [&hellip;]<\/p>\n","protected":false},"author":4,"featured_media":82169,"comment_status":"open","ping_status":"closed","sticky":false,"template":"","format":"standard","meta":{"om_disable_all_campaigns":false,"_jetpack_memberships_contains_paid_content":false,"footnotes":""},"categories":[101,2],"tags":[197,696,33],"class_list":["post-82168","post","type-post","status-publish","format-standard","has-post-thumbnail","hentry","category-interes-general-locales","category-locales","tag-buenos-aires","tag-interes-general","tag-locales"],"aioseo_notices":[],"gutentor_comment":0,"jetpack_featured_media_url":"https:\/\/eldiariodesanpedro.com.ar\/sitio\/wp-content\/uploads\/2020\/10\/WhatsApp-Image-2020-10-13-at-19.07.21-1.jpeg","jetpack_shortlink":"https:\/\/wp.me\/p6RhLt-lni","jetpack_sharing_enabled":true,"_links":{"self":[{"href":"https:\/\/eldiariodesanpedro.com.ar\/sitio\/wp-json\/wp\/v2\/posts\/82168","targetHints":{"allow":["GET"]}}],"collection":[{"href":"https:\/\/eldiariodesanpedro.com.ar\/sitio\/wp-json\/wp\/v2\/posts"}],"about":[{"href":"https:\/\/eldiariodesanpedro.com.ar\/sitio\/wp-json\/wp\/v2\/types\/post"}],"author":[{"embeddable":true,"href":"https:\/\/eldiariodesanpedro.com.ar\/sitio\/wp-json\/wp\/v2\/users\/4"}],"replies":[{"embeddable":true,"href":"https:\/\/eldiariodesanpedro.com.ar\/sitio\/wp-json\/wp\/v2\/comments?post=82168"}],"version-history":[{"count":1,"href":"https:\/\/eldiariodesanpedro.com.ar\/sitio\/wp-json\/wp\/v2\/posts\/82168\/revisions"}],"predecessor-version":[{"id":82172,"href":"https:\/\/eldiariodesanpedro.com.ar\/sitio\/wp-json\/wp\/v2\/posts\/82168\/revisions\/82172"}],"wp:featuredmedia":[{"embeddable":true,"href":"https:\/\/eldiariodesanpedro.com.ar\/sitio\/wp-json\/wp\/v2\/media\/82169"}],"wp:attachment":[{"href":"https:\/\/eldiariodesanpedro.com.ar\/sitio\/wp-json\/wp\/v2\/media?parent=82168"}],"wp:term":[{"taxonomy":"category","embeddable":true,"href":"https:\/\/eldiariodesanpedro.com.ar\/sitio\/wp-json\/wp\/v2\/categories?post=82168"},{"taxonomy":"post_tag","embeddable":true,"href":"https:\/\/eldiariodesanpedro.com.ar\/sitio\/wp-json\/wp\/v2\/tags?post=82168"}],"curies":[{"name":"wp","href":"https:\/\/api.w.org\/{rel}","templated":true}]}}