{"id":8216,"date":"2016-09-20T19:23:00","date_gmt":"2016-09-20T22:23:00","guid":{"rendered":"https:\/\/eldiariodesanpedro.com.ar\/sitio\/?p=8216"},"modified":"2016-09-20T19:23:00","modified_gmt":"2016-09-20T22:23:00","slug":"mercados-y-malezas-dos-preocupaciones-de-la-agricultura-regional","status":"publish","type":"post","link":"https:\/\/eldiariodesanpedro.com.ar\/sitio\/mercados-y-malezas-dos-preocupaciones-de-la-agricultura-regional\/","title":{"rendered":"Mercados y malezas: dos preocupaciones de la agricultura regional"},"content":{"rendered":"<p><!-- VideographyWP Plugin Message: Automatic video embedding prevented by plugin options. --><br \/>\nEl incremento de la aparici\u00f3n de malezas resistentes a un determinado herbicida es un problema que preocupa mucho a los productores locales. \u201cSe viene tratando desde hace varios a\u00f1os, y a todos los que estamos en contacto con la agricultura nos preocupa mucho porque lo que se hac\u00eda hasta hace unos a\u00f1os (matar todo con glifosato), ya no se puede hacer por esta resistencia\u201d, cuenta Felicitas Willi de la Sociedad Rural de Baradero. Con este tema se convoc\u00f3  a Juan Carlos Papa, especialista en protecci\u00f3n vegetal del INTA Oliveros, para que oriente a los productores con herramientas que les resulten \u00fatiles para implementar.<br \/>\nOtro tema importante son los mercados granarios, que tambi\u00e9n preocupan a los productores en relaci\u00f3n al precio que van a tener sus productos. Para ello se contar\u00e1 con la presencia del reconocido analista de Canal Rural, Carlos Etchepare, quien se espera aporte informaci\u00f3n que permita tomar decisiones.<br \/>\nEl encuentro se realizar\u00e1 el martes 27 de septiembre desde las 17.00 en el sal\u00f3n del Concejo Deliberante de Baradero y cuenta con la organizaci\u00f3n conjunta del INTA, la Sociedad Rural y el Municipio. Se trata de una articulaci\u00f3n que busca potenciar su accionar para acercar soluciones a los productores locales; est\u00e1 enmarcada en el ciclo de 11 capacitaciones INTA Baradero, y que finalizar\u00e1 tras 6 encuentros m\u00e1s planificados hasta noviembre.<\/p>\n<p>Malezas resistentes<\/p>\n<p>En la regi\u00f3n pampeana las malezas han sido consideradas hist\u00f3ricamente como una de las adversidades biol\u00f3gicas m\u00e1s importantes porque limitan significativamente el rendimiento de los cultivos. En su momento, la difusi\u00f3n masiva de los cultivares de soja tolerantes a glifosato se sustent\u00f3 justamente en la posibilidad de controlar malezas f\u00e1cilmente con un costo relativamente bajo. Pero la consolidaci\u00f3n del modelo productivo basado en la ausencia de labranzas; el empleo de glifosato como herbicida, casi exclusivo, tanto para barbechos como para cultivos; las escasas o nulas rotaciones con soja (RG) como cultivo predominante y la tenencia de la tierra basada principalmente en arrendamientos de breve duraci\u00f3n, trajo como consecuencia inmediata una disminuci\u00f3n en la diversidad productiva y una reducci\u00f3n sustancial en la abundancia de numerosas especies de malezas.<br \/>\nLa \u201cescasez de rotaciones, la gran superficie agr\u00edcola bajo arrendamiento de corta duraci\u00f3n y la ausencia de monitoreos influyen y permiten que el problema se agrave\u201d, explicaba Juan Carlos Papa en una nota realizada recientemente. Entre las alternativas para su manejo, Papa recomienda limpiar los veh\u00edculos, maquinarias u otros equipos agr\u00edcolas \u2013en especial las cosechadoras\u2013 antes de ingresar a un lote. \u201cResulta fundamental realizar un monitoreo frecuente de los caminos, cunetas, banquinas, bald\u00edos y bordes a fin de detectar tempranamente la presencia de individuos, los cuales deber\u00edan ser eliminados antes de llegar al estado reproductivo\u201d, indic\u00f3.<\/p>\n<p>Los disertantes<\/p>\n<p>Juan Carlos Papa se dedica a tareas de investigaci\u00f3n y extensi\u00f3n en la disciplina del manejo de malezas desde hace 24 a\u00f1os. Participa en proyectos de investigaciones nacionales y regionales, y a lo largo de su carrera ha tomado numerosos cursos de capacitaci\u00f3n en el pa\u00eds y en el exterior (Espa\u00f1a, Brasil, Estados Unidos, etc.). Adem\u00e1s es docente de la Especialidad en Siembra Directa de la FAUBA y de la Especialidad en Protecci\u00f3n Vegetal de la Universidad Cat\u00f3lica de C\u00f3rdoba.<br \/>\nCarlos Etchepare es Director Period\u00edstico de Canal Rural, conocido analista en mercados granarios y asesor CRA y CARBAP.<\/p>\n","protected":false},"excerpt":{"rendered":"<p>El incremento de la aparici\u00f3n de malezas resistentes a un determinado herbicida es un problema que preocupa mucho a los productores locales. \u201cSe viene tratando desde hace varios a\u00f1os, y a todos los que estamos en contacto con la agricultura nos preocupa mucho porque lo que se hac\u00eda hasta hace unos a\u00f1os (matar todo con [&hellip;]<\/p>\n","protected":false},"author":4,"featured_media":8217,"comment_status":"open","ping_status":"closed","sticky":false,"template":"","format":"standard","meta":{"om_disable_all_campaigns":false,"_jetpack_memberships_contains_paid_content":false,"footnotes":""},"categories":[50,101,2],"tags":[],"class_list":["post-8216","post","type-post","status-publish","format-standard","has-post-thumbnail","hentry","category-destacadas","category-interes-general-locales","category-locales"],"aioseo_notices":[],"gutentor_comment":0,"jetpack_featured_media_url":"https:\/\/eldiariodesanpedro.com.ar\/sitio\/wp-content\/uploads\/2016\/09\/PAGINA-6.png","jetpack_shortlink":"https:\/\/wp.me\/p6RhLt-28w","jetpack_sharing_enabled":true,"_links":{"self":[{"href":"https:\/\/eldiariodesanpedro.com.ar\/sitio\/wp-json\/wp\/v2\/posts\/8216","targetHints":{"allow":["GET"]}}],"collection":[{"href":"https:\/\/eldiariodesanpedro.com.ar\/sitio\/wp-json\/wp\/v2\/posts"}],"about":[{"href":"https:\/\/eldiariodesanpedro.com.ar\/sitio\/wp-json\/wp\/v2\/types\/post"}],"author":[{"embeddable":true,"href":"https:\/\/eldiariodesanpedro.com.ar\/sitio\/wp-json\/wp\/v2\/users\/4"}],"replies":[{"embeddable":true,"href":"https:\/\/eldiariodesanpedro.com.ar\/sitio\/wp-json\/wp\/v2\/comments?post=8216"}],"version-history":[{"count":1,"href":"https:\/\/eldiariodesanpedro.com.ar\/sitio\/wp-json\/wp\/v2\/posts\/8216\/revisions"}],"predecessor-version":[{"id":8218,"href":"https:\/\/eldiariodesanpedro.com.ar\/sitio\/wp-json\/wp\/v2\/posts\/8216\/revisions\/8218"}],"wp:featuredmedia":[{"embeddable":true,"href":"https:\/\/eldiariodesanpedro.com.ar\/sitio\/wp-json\/wp\/v2\/media\/8217"}],"wp:attachment":[{"href":"https:\/\/eldiariodesanpedro.com.ar\/sitio\/wp-json\/wp\/v2\/media?parent=8216"}],"wp:term":[{"taxonomy":"category","embeddable":true,"href":"https:\/\/eldiariodesanpedro.com.ar\/sitio\/wp-json\/wp\/v2\/categories?post=8216"},{"taxonomy":"post_tag","embeddable":true,"href":"https:\/\/eldiariodesanpedro.com.ar\/sitio\/wp-json\/wp\/v2\/tags?post=8216"}],"curies":[{"name":"wp","href":"https:\/\/api.w.org\/{rel}","templated":true}]}}