{"id":82159,"date":"2020-10-13T12:54:47","date_gmt":"2020-10-13T15:54:47","guid":{"rendered":"https:\/\/eldiariodesanpedro.com.ar\/sitio\/?p=82159"},"modified":"2020-10-13T12:54:48","modified_gmt":"2020-10-13T15:54:48","slug":"varias-aprehensiones-por-tenencia-de-estupefacientes-2","status":"publish","type":"post","link":"https:\/\/eldiariodesanpedro.com.ar\/sitio\/varias-aprehensiones-por-tenencia-de-estupefacientes-2\/","title":{"rendered":"Varias aprehensiones por tenencia de estupefacientes"},"content":{"rendered":"<!-- VideographyWP Plugin Message: Automatic video embedding prevented by plugin options. -->\n\n<p>Durante la jornada del lunes se realizaron diferentes operativos en la v\u00eda p\u00fablica por parte de los efectivos policiales de la comisar\u00eda de nuestra ciudad donde secuestraron peque\u00f1as dosis de estupefacientes de personas que se encontraban en la v\u00eda p\u00fablica.&nbsp;<\/p>\n\n\n\n<p>Los operativos fueron realizados en la tarde y noche de ayer con mismo resultados en calle Casella y La Laguna, donde se identific\u00f3 a masculino 27 a\u00f1os y secuestrando en su poder un envoltorio de nylon conteniendo marihuana .&nbsp;<\/p>\n\n\n\n<p>Otro en calle Las Provincias y Bozzano, donde se identific\u00f3 a masculino 25 a\u00f1os y secuestrando en su poder un envoltorio de nylon conteniendo marihuana.<\/p>\n\n\n\n<p>Tambi\u00e9n en Las Provincias y M. Brenan, identific\u00f3 a masculino 27 a\u00f1os y secuestrando en su poder un envoltorio de nylon conteniendo marihuana.<\/p>\n\n\n\n<p>Por \u00faltimo en H. Pueyrredon y 48, se identific\u00f3 a masculino 22 a\u00f1os y secuestrando en su poder un envoltorio de nylon conteniendo marihuana.<\/p>\n\n\n\n<p>En todos los casos se traslado a los causante a sede policial, fines recaudos legales dispuesto por la fiscal\u00eda local en turno y posterior libertad.<\/p>\n","protected":false},"excerpt":{"rendered":"<p>Durante la jornada del lunes se realizaron diferentes operativos en la v\u00eda p\u00fablica por parte de los efectivos policiales de la comisar\u00eda de nuestra ciudad donde secuestraron peque\u00f1as dosis de estupefacientes de personas que se encontraban en la v\u00eda p\u00fablica.&nbsp; Los operativos fueron realizados en la tarde y noche de ayer con mismo resultados en [&hellip;]<\/p>\n","protected":false},"author":4,"featured_media":82160,"comment_status":"open","ping_status":"closed","sticky":false,"template":"","format":"standard","meta":{"om_disable_all_campaigns":false,"_jetpack_memberships_contains_paid_content":false,"footnotes":""},"categories":[2,103],"tags":[197,33,95,1040],"class_list":["post-82159","post","type-post","status-publish","format-standard","has-post-thumbnail","hentry","category-locales","category-policiales-locales","tag-buenos-aires","tag-locales","tag-policiales","tag-san-pedro-buenos-aires"],"aioseo_notices":[],"gutentor_comment":0,"jetpack_featured_media_url":"https:\/\/eldiariodesanpedro.com.ar\/sitio\/wp-content\/uploads\/2020\/10\/Sin-titulo-1-7.jpg","jetpack_shortlink":"https:\/\/wp.me\/p6RhLt-ln9","jetpack_sharing_enabled":true,"_links":{"self":[{"href":"https:\/\/eldiariodesanpedro.com.ar\/sitio\/wp-json\/wp\/v2\/posts\/82159","targetHints":{"allow":["GET"]}}],"collection":[{"href":"https:\/\/eldiariodesanpedro.com.ar\/sitio\/wp-json\/wp\/v2\/posts"}],"about":[{"href":"https:\/\/eldiariodesanpedro.com.ar\/sitio\/wp-json\/wp\/v2\/types\/post"}],"author":[{"embeddable":true,"href":"https:\/\/eldiariodesanpedro.com.ar\/sitio\/wp-json\/wp\/v2\/users\/4"}],"replies":[{"embeddable":true,"href":"https:\/\/eldiariodesanpedro.com.ar\/sitio\/wp-json\/wp\/v2\/comments?post=82159"}],"version-history":[{"count":1,"href":"https:\/\/eldiariodesanpedro.com.ar\/sitio\/wp-json\/wp\/v2\/posts\/82159\/revisions"}],"predecessor-version":[{"id":82161,"href":"https:\/\/eldiariodesanpedro.com.ar\/sitio\/wp-json\/wp\/v2\/posts\/82159\/revisions\/82161"}],"wp:featuredmedia":[{"embeddable":true,"href":"https:\/\/eldiariodesanpedro.com.ar\/sitio\/wp-json\/wp\/v2\/media\/82160"}],"wp:attachment":[{"href":"https:\/\/eldiariodesanpedro.com.ar\/sitio\/wp-json\/wp\/v2\/media?parent=82159"}],"wp:term":[{"taxonomy":"category","embeddable":true,"href":"https:\/\/eldiariodesanpedro.com.ar\/sitio\/wp-json\/wp\/v2\/categories?post=82159"},{"taxonomy":"post_tag","embeddable":true,"href":"https:\/\/eldiariodesanpedro.com.ar\/sitio\/wp-json\/wp\/v2\/tags?post=82159"}],"curies":[{"name":"wp","href":"https:\/\/api.w.org\/{rel}","templated":true}]}}