{"id":8214,"date":"2016-09-19T19:16:42","date_gmt":"2016-09-19T22:16:42","guid":{"rendered":"https:\/\/eldiariodesanpedro.com.ar\/sitio\/?p=8214"},"modified":"2016-09-19T19:16:42","modified_gmt":"2016-09-19T22:16:42","slug":"un-sujeto-aprehendido-por-golpear-a-su-pareja","status":"publish","type":"post","link":"https:\/\/eldiariodesanpedro.com.ar\/sitio\/un-sujeto-aprehendido-por-golpear-a-su-pareja\/","title":{"rendered":"Un sujeto aprehendido por golpear a su pareja"},"content":{"rendered":"<p><!-- VideographyWP Plugin Message: Automatic video embedding prevented by plugin options. --><br \/>\nEl hecho se produjo en la jornada del domingo. Seg\u00fan se pudo establecer un m\u00f3vil policial arrib\u00f3 al lugar tras varias denuncias telef\u00f3nicas al 101, a la llegada de los efectivos al lugar el hombre intentaba agredir a su pareja con un \u201chierro\u201d, seg\u00fan expresa el parte de prensa de la comisar\u00eda. Lo cierto es que fue aprehendido y trasladado a la comisar\u00eda local donde permaneci\u00f3 alojado. La UFI N\u00ba 7, que interviene en la causa, caratul\u00f3 el hecho como \u201clesiones agravadas por el v\u00ednculo\u201d.<\/p>\n","protected":false},"excerpt":{"rendered":"<p>El hecho se produjo en la jornada del domingo. Seg\u00fan se pudo establecer un m\u00f3vil policial arrib\u00f3 al lugar tras varias denuncias telef\u00f3nicas al 101, a la llegada de los efectivos al lugar el hombre intentaba agredir a su pareja con un \u201chierro\u201d, seg\u00fan expresa el parte de prensa de la comisar\u00eda. Lo cierto es [&hellip;]<\/p>\n","protected":false},"author":4,"featured_media":4713,"comment_status":"open","ping_status":"closed","sticky":false,"template":"","format":"standard","meta":{"om_disable_all_campaigns":false,"_jetpack_memberships_contains_paid_content":false,"footnotes":""},"categories":[2,103],"tags":[],"class_list":["post-8214","post","type-post","status-publish","format-standard","has-post-thumbnail","hentry","category-locales","category-policiales-locales"],"aioseo_notices":[],"gutentor_comment":0,"jetpack_featured_media_url":"https:\/\/eldiariodesanpedro.com.ar\/sitio\/wp-content\/uploads\/2016\/05\/detenido.jpg","jetpack_shortlink":"https:\/\/wp.me\/p6RhLt-28u","jetpack_sharing_enabled":true,"_links":{"self":[{"href":"https:\/\/eldiariodesanpedro.com.ar\/sitio\/wp-json\/wp\/v2\/posts\/8214","targetHints":{"allow":["GET"]}}],"collection":[{"href":"https:\/\/eldiariodesanpedro.com.ar\/sitio\/wp-json\/wp\/v2\/posts"}],"about":[{"href":"https:\/\/eldiariodesanpedro.com.ar\/sitio\/wp-json\/wp\/v2\/types\/post"}],"author":[{"embeddable":true,"href":"https:\/\/eldiariodesanpedro.com.ar\/sitio\/wp-json\/wp\/v2\/users\/4"}],"replies":[{"embeddable":true,"href":"https:\/\/eldiariodesanpedro.com.ar\/sitio\/wp-json\/wp\/v2\/comments?post=8214"}],"version-history":[{"count":1,"href":"https:\/\/eldiariodesanpedro.com.ar\/sitio\/wp-json\/wp\/v2\/posts\/8214\/revisions"}],"predecessor-version":[{"id":8215,"href":"https:\/\/eldiariodesanpedro.com.ar\/sitio\/wp-json\/wp\/v2\/posts\/8214\/revisions\/8215"}],"wp:featuredmedia":[{"embeddable":true,"href":"https:\/\/eldiariodesanpedro.com.ar\/sitio\/wp-json\/wp\/v2\/media\/4713"}],"wp:attachment":[{"href":"https:\/\/eldiariodesanpedro.com.ar\/sitio\/wp-json\/wp\/v2\/media?parent=8214"}],"wp:term":[{"taxonomy":"category","embeddable":true,"href":"https:\/\/eldiariodesanpedro.com.ar\/sitio\/wp-json\/wp\/v2\/categories?post=8214"},{"taxonomy":"post_tag","embeddable":true,"href":"https:\/\/eldiariodesanpedro.com.ar\/sitio\/wp-json\/wp\/v2\/tags?post=8214"}],"curies":[{"name":"wp","href":"https:\/\/api.w.org\/{rel}","templated":true}]}}