{"id":82128,"date":"2020-10-13T11:09:42","date_gmt":"2020-10-13T14:09:42","guid":{"rendered":"https:\/\/eldiariodesanpedro.com.ar\/sitio\/?p=82128"},"modified":"2020-10-13T11:09:45","modified_gmt":"2020-10-13T14:09:45","slug":"logran-recuperar-diferentes-elementos-robados-en-una-vivienda-por-dos-delincuentes","status":"publish","type":"post","link":"https:\/\/eldiariodesanpedro.com.ar\/sitio\/logran-recuperar-diferentes-elementos-robados-en-una-vivienda-por-dos-delincuentes\/","title":{"rendered":"Logran recuperar diferentes elementos robados en una vivienda por dos delincuentes"},"content":{"rendered":"<!-- VideographyWP Plugin Message: Automatic video embedding prevented by plugin options. -->\n\n<p>En la tarde de ayer la polic\u00eda de nuestra ciudad fue alertada por un llamado al 911. en un&nbsp; r\u00e1pido accionar se hace presentes en calle Moises Novillo al 1000 donde se aprehenden a dos delincuentes de 33 y 37 a\u00f1os que se introduc\u00edan a la vivienda, a los cuales se les secuestr\u00f3 una escalera, dos chapas, una parrilla, una masa y una sierra que instantes antes sustrajeron de vivienda vecina, ubicada en calle Chivilcoy al 2000 con la que comparten medianera, propiedad de femenina 55 a\u00f1os, que advirti\u00f3 el hecho.<\/p>\n\n\n\n<p>Los delincuentes permanecieron alojados en sede policial, y tras cumplimentar recaudos legales, recuperaron su libertad.&nbsp;<\/p>\n","protected":false},"excerpt":{"rendered":"<p>En la tarde de ayer la polic\u00eda de nuestra ciudad fue alertada por un llamado al 911. en un&nbsp; r\u00e1pido accionar se hace presentes en calle Moises Novillo al 1000 donde se aprehenden a dos delincuentes de 33 y 37 a\u00f1os que se introduc\u00edan a la vivienda, a los cuales se les secuestr\u00f3 una escalera, [&hellip;]<\/p>\n","protected":false},"author":4,"featured_media":82129,"comment_status":"open","ping_status":"closed","sticky":false,"template":"","format":"standard","meta":{"om_disable_all_campaigns":false,"_jetpack_memberships_contains_paid_content":false,"footnotes":""},"categories":[2,103],"tags":[197,696,33],"class_list":["post-82128","post","type-post","status-publish","format-standard","has-post-thumbnail","hentry","category-locales","category-policiales-locales","tag-buenos-aires","tag-interes-general","tag-locales"],"aioseo_notices":[],"gutentor_comment":0,"jetpack_featured_media_url":"https:\/\/eldiariodesanpedro.com.ar\/sitio\/wp-content\/uploads\/2020\/10\/Sin-titulo-1-5.jpg","jetpack_shortlink":"https:\/\/wp.me\/p6RhLt-lmE","jetpack_sharing_enabled":true,"_links":{"self":[{"href":"https:\/\/eldiariodesanpedro.com.ar\/sitio\/wp-json\/wp\/v2\/posts\/82128","targetHints":{"allow":["GET"]}}],"collection":[{"href":"https:\/\/eldiariodesanpedro.com.ar\/sitio\/wp-json\/wp\/v2\/posts"}],"about":[{"href":"https:\/\/eldiariodesanpedro.com.ar\/sitio\/wp-json\/wp\/v2\/types\/post"}],"author":[{"embeddable":true,"href":"https:\/\/eldiariodesanpedro.com.ar\/sitio\/wp-json\/wp\/v2\/users\/4"}],"replies":[{"embeddable":true,"href":"https:\/\/eldiariodesanpedro.com.ar\/sitio\/wp-json\/wp\/v2\/comments?post=82128"}],"version-history":[{"count":1,"href":"https:\/\/eldiariodesanpedro.com.ar\/sitio\/wp-json\/wp\/v2\/posts\/82128\/revisions"}],"predecessor-version":[{"id":82130,"href":"https:\/\/eldiariodesanpedro.com.ar\/sitio\/wp-json\/wp\/v2\/posts\/82128\/revisions\/82130"}],"wp:featuredmedia":[{"embeddable":true,"href":"https:\/\/eldiariodesanpedro.com.ar\/sitio\/wp-json\/wp\/v2\/media\/82129"}],"wp:attachment":[{"href":"https:\/\/eldiariodesanpedro.com.ar\/sitio\/wp-json\/wp\/v2\/media?parent=82128"}],"wp:term":[{"taxonomy":"category","embeddable":true,"href":"https:\/\/eldiariodesanpedro.com.ar\/sitio\/wp-json\/wp\/v2\/categories?post=82128"},{"taxonomy":"post_tag","embeddable":true,"href":"https:\/\/eldiariodesanpedro.com.ar\/sitio\/wp-json\/wp\/v2\/tags?post=82128"}],"curies":[{"name":"wp","href":"https:\/\/api.w.org\/{rel}","templated":true}]}}