{"id":82120,"date":"2020-10-13T09:25:48","date_gmt":"2020-10-13T12:25:48","guid":{"rendered":"https:\/\/eldiariodesanpedro.com.ar\/sitio\/?p=82120"},"modified":"2020-10-13T09:25:49","modified_gmt":"2020-10-13T12:25:49","slug":"no-habra-celebracion-por-el-dia-del-deportista-sampedrino","status":"publish","type":"post","link":"https:\/\/eldiariodesanpedro.com.ar\/sitio\/no-habra-celebracion-por-el-dia-del-deportista-sampedrino\/","title":{"rendered":"No habr\u00e1 celebraci\u00f3n por el D\u00eda del Deportista Sampedrino"},"content":{"rendered":"<!-- VideographyWP Plugin Message: Automatic video embedding prevented by plugin options. -->\n\n<p>El C\u00edrculo de Periodistas Deportivos Mario An\u00edbal Gim\u00e9nez informa que el martes 13 de octubre, por el D\u00eda del Deportista sampedrino, no se realizar\u00e1 ning\u00fan evento a modo de celebraci\u00f3n por la crisis sanitaria que decant\u00f3 la pandemia de coronavirus.<br>En el partido no est\u00e1n permitidos los eventos y\/o reuniones sociales por lo que la instituci\u00f3n debe respetar las medidas adoptadas por la Municipalidad en la lucha contra el COVID-19.<br>Al mismo tiempo, adelantamos la salutaci\u00f3n a todos los atletas sampedrinos en su d\u00eda, fecha que se instaur\u00f3 por iniciativa del CPDSP para homenajear a todos los que, de alguna u otra manera, representan a la ciudad en diferentes disciplinas.<br>Muchas gracias, CPDSP<br><img decoding=\"async\" alt=\"&#x1f4cd;\" src=\"https:\/\/mail.google.com\/mail\/e\/1f4cd\"> Foto: El artista Jorge L\u00f3pez junto a la escultura de Lorenzo Garc\u00eda que se inaugur\u00f3 el 13 de octubre de 2019 en el marco de la primera celebraci\u00f3n.<\/p>\n\n\n\n<p><strong>Jos\u00e9 I. Macchia<\/strong><br>Presidente\u00a0<\/p>\n\n\n\n<p><strong>Jorge E. P\u00e9rez<\/strong><br>Secretario \u00a0<\/p>\n","protected":false},"excerpt":{"rendered":"<p>El C\u00edrculo de Periodistas Deportivos Mario An\u00edbal Gim\u00e9nez informa que el martes 13 de octubre, por el D\u00eda del Deportista sampedrino, no se realizar\u00e1 ning\u00fan evento a modo de celebraci\u00f3n por la crisis sanitaria que decant\u00f3 la pandemia de coronavirus.En el partido no est\u00e1n permitidos los eventos y\/o reuniones sociales por lo que la instituci\u00f3n [&hellip;]<\/p>\n","protected":false},"author":4,"featured_media":82121,"comment_status":"open","ping_status":"closed","sticky":false,"template":"","format":"standard","meta":{"om_disable_all_campaigns":false,"_jetpack_memberships_contains_paid_content":false,"footnotes":""},"categories":[101,2],"tags":[197,1831,696,33],"class_list":["post-82120","post","type-post","status-publish","format-standard","has-post-thumbnail","hentry","category-interes-general-locales","category-locales","tag-buenos-aires","tag-dia-del-deportista-sampedrino","tag-interes-general","tag-locales"],"aioseo_notices":[],"gutentor_comment":0,"jetpack_featured_media_url":"https:\/\/eldiariodesanpedro.com.ar\/sitio\/wp-content\/uploads\/2020\/10\/73191010_2493169920968470_2382519114728996864_o.jpg","jetpack_shortlink":"https:\/\/wp.me\/p6RhLt-lmw","jetpack_sharing_enabled":true,"_links":{"self":[{"href":"https:\/\/eldiariodesanpedro.com.ar\/sitio\/wp-json\/wp\/v2\/posts\/82120","targetHints":{"allow":["GET"]}}],"collection":[{"href":"https:\/\/eldiariodesanpedro.com.ar\/sitio\/wp-json\/wp\/v2\/posts"}],"about":[{"href":"https:\/\/eldiariodesanpedro.com.ar\/sitio\/wp-json\/wp\/v2\/types\/post"}],"author":[{"embeddable":true,"href":"https:\/\/eldiariodesanpedro.com.ar\/sitio\/wp-json\/wp\/v2\/users\/4"}],"replies":[{"embeddable":true,"href":"https:\/\/eldiariodesanpedro.com.ar\/sitio\/wp-json\/wp\/v2\/comments?post=82120"}],"version-history":[{"count":1,"href":"https:\/\/eldiariodesanpedro.com.ar\/sitio\/wp-json\/wp\/v2\/posts\/82120\/revisions"}],"predecessor-version":[{"id":82122,"href":"https:\/\/eldiariodesanpedro.com.ar\/sitio\/wp-json\/wp\/v2\/posts\/82120\/revisions\/82122"}],"wp:featuredmedia":[{"embeddable":true,"href":"https:\/\/eldiariodesanpedro.com.ar\/sitio\/wp-json\/wp\/v2\/media\/82121"}],"wp:attachment":[{"href":"https:\/\/eldiariodesanpedro.com.ar\/sitio\/wp-json\/wp\/v2\/media?parent=82120"}],"wp:term":[{"taxonomy":"category","embeddable":true,"href":"https:\/\/eldiariodesanpedro.com.ar\/sitio\/wp-json\/wp\/v2\/categories?post=82120"},{"taxonomy":"post_tag","embeddable":true,"href":"https:\/\/eldiariodesanpedro.com.ar\/sitio\/wp-json\/wp\/v2\/tags?post=82120"}],"curies":[{"name":"wp","href":"https:\/\/api.w.org\/{rel}","templated":true}]}}