{"id":82110,"date":"2020-10-12T23:03:13","date_gmt":"2020-10-13T02:03:13","guid":{"rendered":"https:\/\/eldiariodesanpedro.com.ar\/sitio\/?p=82110"},"modified":"2020-10-12T23:04:33","modified_gmt":"2020-10-13T02:04:33","slug":"desbaratan-banda-los-lobos-en-arrecifes-capitan-sarmiento-y-perez-millan","status":"publish","type":"post","link":"https:\/\/eldiariodesanpedro.com.ar\/sitio\/desbaratan-banda-los-lobos-en-arrecifes-capitan-sarmiento-y-perez-millan\/","title":{"rendered":"Desbaratan banda \u00abLos Lobos\u00bb en Arrecifes, Capit\u00e1n Sarmiento y P\u00e9rez Mill\u00e1n"},"content":{"rendered":"<!-- VideographyWP Plugin Message: Automatic video embedding prevented by plugin options. -->\n\n<p>La investigaci\u00f3n se inicia en&nbsp; el mes de Diciembre&nbsp; a finales del a\u00f1o 2019, a ra\u00edz de&nbsp; un informe policial, Dando cuenta&nbsp; que un masculino de nombre EDUARDO PATICIO LYNCH, oriundo de la localidad de Capit\u00e1n Sarmiento se estar\u00eda dedicando a la comercializaci\u00f3n de estupefacientes y ser\u00eda uno de los m\u00e1s grandes proveedores de la ciudad como as\u00ed tambi\u00e9n de las ciudades aleda\u00f1as a esta como lo fuera Arrecifes&nbsp; y P\u00e9rez Mill\u00e1n. Puesto en conocimiento a la Sra. Agente Fiscal Dra. Mar\u00eda Ver\u00f3nica Marcantonio Orden\u00f3 que personal de la Delegaci\u00f3n Departamental de Investigaciones del Tr\u00e1fico de Drogas Il\u00edcitas y Crimen Organizado de San Nicol\u00e1s se aboque &nbsp; en tareas de campo para dar veracidad a lo antes informado.-<\/p>\n\n\n\n<p>Es as\u00ed que mediante tareas investigativas,\u00a0 y pesquisas con vecinos del lugar los cuales no fueron identificados para no\u00a0 generar Conflictos Vecinales, se estableci\u00f3 que\u00a0 el\u00a0 sindicado\u00a0 EDUARDO PATRICIO LYNCH, reside \u00a0 en el domicilio de\u00a0 calle Constituci\u00f3n nro. 136 alternando tambi\u00e9n en un departamento ubicado en calle Dardo Rocha nro. 294, de dicha localidad, profundizando las tareas investigativas se\u00a0 incorporaron nuevos elementos a la investigaci\u00f3n &#8211; que dieron lugar, por intermedio del Juzgado de Garant\u00edas N\u00b0 3 la intervenci\u00f3n telef\u00f3nica del abonado perteneciente al investigado Eduardo Patricio Lynch, proveedor de sustancia estupefaciente, que de dicha intervenci\u00f3n, se logro recolectar gran cantidad de pruebas que denotaban con claridad la comercializaci\u00f3n de estupefacientes por parte del encartado. De la misma intervenci\u00f3n surgieron diversos n\u00fameros telef\u00f3nicos comprometidos en la investigaci\u00f3n, contando con 11 l\u00edneas intervenidas, de las cuales los propietarios de dichas l\u00edneas ser\u00e1n part\u00edcipes directos de la banda delictiva. En otro orden se logro establecer que dos de los n\u00fameros de abonados intervenidos\u00a0 pertenec\u00edan a personas de nacionalidad Peruana, tambi\u00e9n de otra de las l\u00edneas intervenidas surge un importante proveedor siendo este oriundo de la localidad de Boulogne\u00a0 e integrante junto a LYNCH de la banda conocida como \u201cLOS LOBOS\u201d, banda que opera en diferentes lugares de la provincia de Buenos Aires y C.A.B.A., distribuyendo grandes cantidades se sustancia estupefaciente para su posterior venta. Dentro de esta organizaci\u00f3n Eduardo Lynch ser\u00eda el encargado de reclutar vendedores de sustancia estupefaciente al menudeo, brind\u00e1ndoles protecci\u00f3n contra eventuales problemas con otros narcotraficantes y con las agencias policiales, con las cuales refieren tener arreglos de impunidad. Junto con su socio Sebasti\u00e1n Navarrete y otro sujeto llamado Luis Zacar\u00edas Alegre (a) Wichi, remisero, llevar\u00eda adelante\u00a0 la distribuci\u00f3n, gesti\u00f3n, cobranza y abastecimiento\u00a0 del material estupefaciente. Adem\u00e1s de las propias escuchas,\u00a0 del cruce de informaci\u00f3n y tareas de campos llevadas a cabo\u00a0 se logr\u00f3 el registro de la venta de estupefaciente al menudeo por parte de Walter Bianchi y Micaela Bianchi en la ciudad de Arrecifes, Walter Andino en P\u00e9rez Mill\u00e1n, y Esteban G\u00f3mez e Ivan Robles (a) Morta en Capit\u00e1n Sarmiento. <br><br>Puesta en conocimiento la Sra. Agente Fiscal Dra. Ver\u00f3nica Marcantonio solicito\u00a0 a\u00a0 S.S 14 \u00d3rdenes de Allanamiento y 5 detenciones para realizar a partir de las 00:00\u00a0 Horas del\u00a0 d\u00eda Viernes 9 de Octubre\u00a0 hasta las 24:00 Horas del d\u00eda 12 corriente mes y A\u00f1o.-<\/p>\n\n\n\n<p>Efectivizando dichas diligencias en varias etapas, cumplimentando en la primer etapa tres \u00f3rdenes de allanamiento, dos en la ciudad de Arrecifes y una en la localidad de P\u00e9rez Mill\u00e1n, procediendo en uno de los domicilios de la localidad de Arrecifes a la detenci\u00f3n del ciudadano WALTER BIANCHI, mientras que en el domicilio de la ciudad de P\u00e9rez Mill\u00e1n se procedi\u00f3 al secuestro de envoltorios de COCA\u00cdNA por un pesaje de 150 gramos, preparados y listos para la venta, armas de fuego con su respectivas cartucheras, telefon\u00eda celular y gran cantidad de dinero en efectivo y a la detenci\u00f3n del ciudadano WALTER ANDINO. Luego en la etapa dos se diligenciaron 6 \u00f3rdenes de allanamiento, todos ellos en la ciudad de Capit\u00e1n Sarmiento, en donde se efectiviz\u00f3 la detenci\u00f3n del principal investigado EDUARDO PATRICIO LYNCH a quien de su domicilio particular se le secuestr\u00f3 3 kilogramos de MARIHUANA TRITURADA lista para ser fraccionada y posterior comercializaci\u00f3n, una licuadora, la cual era utilizada para desarmar los lotes de MARIHUANA y telefon\u00eda celular, tambi\u00e9n\u00a0 se efectivizaron detenciones para con otros de los dos integrantes de la banda, siendo uno de ellos LUIS ZACARIA ALEGRE \u00a0 y\u00a0 el otro IVAN ROBLES, en otro de los domicilios allanado tambi\u00e9n se procedi\u00f3 a la aprehensi\u00f3n de un masculino mayor de edad, tras haber secuestrado en su domicilio de residencia un arma de fuego con su respectiva cartucher\u00eda como as\u00ed tambi\u00e9n gran cantidad de dinero en efectivo y recortes de nylon. <\/p>\n\n\n\n<p>Finalizada la segunda etapa, se procedi\u00f3 con el diligenciamiento de dos \u00f3rdenes de allanamiento en domicilios ubicados en las ciudades de Boulogne y General Pacheco, donde en el primero de ellos se procedi\u00f3 a incautar 13 LOTES COMPACTOS DE MARIHUANA, bolsas con cogollos de MARIHUANA por un peso total de 7.935 gramos, 1 balanza comercial, 1 balanza de precisi\u00f3n y telefon\u00eda celular. Por \u00faltimo se efectuaron tres allanamientos en la localidad de Villa Dominico partido de Avellaneda, lugares de residencia de las personas de nacionalidad Peruana, en donde en uno de estos domicilios se procedi\u00f3 al secuestro de 1 LOTE COMPACTO DE MARIHUANA por un peso de 690 gramos, 2 envoltorios de nylon conteniendo MARIHUANA por un peso de 106 gramos y un envoltorio de nylon conteniendo COCA\u00cdNA por un peso de 64 gramos, 2 balanzas de precisi\u00f3n, tambi\u00e9n se procedi\u00f3 a incautar gran cantidad de armas de fuego entre ellas, una pistola ametralladora, un chaleco antibalas, dos cargadores de pistola ametralladora, un rev\u00f3lver calibre 22, una pistola calibre 9 mm, un rifle winchwster, un rev\u00f3lver calibre 32 y gran cantidad de cartucher\u00eda y telefon\u00eda celular. Puesto en conocimiento la Sra. Agente Fiscal\u00a0 Dra. Mar\u00eda Ver\u00f3nica Marcantonio, dispuso se traslade a los imputados a sede policial a la espera de ser indagados.<br><br>El trabajo fue realizado por Delegaci\u00f3n Departamental de Investigaciones del Tr\u00e1fico de Drogas Il\u00edcitas y Crimen Organizado de San Nicol\u00e1s a cargo del comisario Gabriel Salda\u00f1a.<\/p>\n\n\n\n<figure class=\"wp-block-video\"><video height=\"480\" style=\"aspect-ratio: 480 \/ 480;\" width=\"480\" controls src=\"https:\/\/eldiariodesanpedro.com.ar\/sitio\/wp-content\/uploads\/2020\/10\/WhatsApp-Video-2020-10-12-at-22.30.36.mp4\"><\/video><\/figure>\n\n\n\n<figure class=\"wp-block-video\"><video height=\"352\" style=\"aspect-ratio: 640 \/ 352;\" width=\"640\" controls src=\"https:\/\/eldiariodesanpedro.com.ar\/sitio\/wp-content\/uploads\/2020\/10\/WhatsApp-Video-2020-10-12-at-22.30.36-1.mp4\"><\/video><\/figure>\n\n\n\n<figure class=\"wp-block-video\"><video height=\"480\" style=\"aspect-ratio: 480 \/ 480;\" width=\"480\" controls src=\"https:\/\/eldiariodesanpedro.com.ar\/sitio\/wp-content\/uploads\/2020\/10\/WhatsApp-Video-2020-10-12-at-22.30.35.mp4\"><\/video><\/figure>\n\n\n\n<figure class=\"wp-block-image size-large\"><img decoding=\"async\" width=\"1024\" height=\"768\" data-attachment-id=\"82113\" data-permalink=\"https:\/\/eldiariodesanpedro.com.ar\/sitio\/desbaratan-banda-los-lobos-en-arrecifes-capitan-sarmiento-y-perez-millan\/whatsapp-image-2020-10-12-at-22-30-37\/\" data-orig-file=\"https:\/\/eldiariodesanpedro.com.ar\/sitio\/wp-content\/uploads\/2020\/10\/WhatsApp-Image-2020-10-12-at-22.30.37.jpeg\" data-orig-size=\"1024,768\" data-comments-opened=\"1\" data-image-meta=\"{&quot;aperture&quot;:&quot;0&quot;,&quot;credit&quot;:&quot;&quot;,&quot;camera&quot;:&quot;&quot;,&quot;caption&quot;:&quot;&quot;,&quot;created_timestamp&quot;:&quot;0&quot;,&quot;copyright&quot;:&quot;&quot;,&quot;focal_length&quot;:&quot;0&quot;,&quot;iso&quot;:&quot;0&quot;,&quot;shutter_speed&quot;:&quot;0&quot;,&quot;title&quot;:&quot;&quot;,&quot;orientation&quot;:&quot;0&quot;}\" data-image-title=\"WhatsApp Image 2020-10-12 at 22.30.37\" data-image-description=\"\" data-image-caption=\"\" data-large-file=\"https:\/\/eldiariodesanpedro.com.ar\/sitio\/wp-content\/uploads\/2020\/10\/WhatsApp-Image-2020-10-12-at-22.30.37.jpeg\" data-src=\"https:\/\/eldiariodesanpedro.com.ar\/sitio\/wp-content\/uploads\/2020\/10\/WhatsApp-Image-2020-10-12-at-22.30.37.jpeg\" alt=\"\" class=\"wp-image-82113 lazyload\" data-srcset=\"https:\/\/eldiariodesanpedro.com.ar\/sitio\/wp-content\/uploads\/2020\/10\/WhatsApp-Image-2020-10-12-at-22.30.37.jpeg 1024w, https:\/\/eldiariodesanpedro.com.ar\/sitio\/wp-content\/uploads\/2020\/10\/WhatsApp-Image-2020-10-12-at-22.30.37-300x225.jpeg 300w, https:\/\/eldiariodesanpedro.com.ar\/sitio\/wp-content\/uploads\/2020\/10\/WhatsApp-Image-2020-10-12-at-22.30.37-768x576.jpeg 768w, https:\/\/eldiariodesanpedro.com.ar\/sitio\/wp-content\/uploads\/2020\/10\/WhatsApp-Image-2020-10-12-at-22.30.37-500x375.jpeg 500w\" data-sizes=\"(max-width: 1024px) 100vw, 1024px\" src=\"data:image\/svg+xml;base64,PHN2ZyB3aWR0aD0iMSIgaGVpZ2h0PSIxIiB4bWxucz0iaHR0cDovL3d3dy53My5vcmcvMjAwMC9zdmciPjwvc3ZnPg==\" style=\"--smush-placeholder-width: 1024px; --smush-placeholder-aspect-ratio: 1024\/768;\" \/><\/figure>\n\n\n\n<figure class=\"wp-block-image size-large\"><img decoding=\"async\" width=\"1024\" height=\"768\" data-attachment-id=\"82111\" data-permalink=\"https:\/\/eldiariodesanpedro.com.ar\/sitio\/desbaratan-banda-los-lobos-en-arrecifes-capitan-sarmiento-y-perez-millan\/whatsapp-image-2020-10-12-at-22-30-36\/\" data-orig-file=\"https:\/\/eldiariodesanpedro.com.ar\/sitio\/wp-content\/uploads\/2020\/10\/WhatsApp-Image-2020-10-12-at-22.30.36.jpeg\" data-orig-size=\"1024,768\" data-comments-opened=\"1\" data-image-meta=\"{&quot;aperture&quot;:&quot;0&quot;,&quot;credit&quot;:&quot;&quot;,&quot;camera&quot;:&quot;&quot;,&quot;caption&quot;:&quot;&quot;,&quot;created_timestamp&quot;:&quot;0&quot;,&quot;copyright&quot;:&quot;&quot;,&quot;focal_length&quot;:&quot;0&quot;,&quot;iso&quot;:&quot;0&quot;,&quot;shutter_speed&quot;:&quot;0&quot;,&quot;title&quot;:&quot;&quot;,&quot;orientation&quot;:&quot;0&quot;}\" data-image-title=\"WhatsApp Image 2020-10-12 at 22.30.36\" data-image-description=\"\" data-image-caption=\"\" data-large-file=\"https:\/\/eldiariodesanpedro.com.ar\/sitio\/wp-content\/uploads\/2020\/10\/WhatsApp-Image-2020-10-12-at-22.30.36.jpeg\" data-src=\"https:\/\/eldiariodesanpedro.com.ar\/sitio\/wp-content\/uploads\/2020\/10\/WhatsApp-Image-2020-10-12-at-22.30.36.jpeg\" alt=\"\" class=\"wp-image-82111 lazyload\" data-srcset=\"https:\/\/eldiariodesanpedro.com.ar\/sitio\/wp-content\/uploads\/2020\/10\/WhatsApp-Image-2020-10-12-at-22.30.36.jpeg 1024w, https:\/\/eldiariodesanpedro.com.ar\/sitio\/wp-content\/uploads\/2020\/10\/WhatsApp-Image-2020-10-12-at-22.30.36-300x225.jpeg 300w, https:\/\/eldiariodesanpedro.com.ar\/sitio\/wp-content\/uploads\/2020\/10\/WhatsApp-Image-2020-10-12-at-22.30.36-768x576.jpeg 768w, https:\/\/eldiariodesanpedro.com.ar\/sitio\/wp-content\/uploads\/2020\/10\/WhatsApp-Image-2020-10-12-at-22.30.36-500x375.jpeg 500w\" data-sizes=\"(max-width: 1024px) 100vw, 1024px\" src=\"data:image\/svg+xml;base64,PHN2ZyB3aWR0aD0iMSIgaGVpZ2h0PSIxIiB4bWxucz0iaHR0cDovL3d3dy53My5vcmcvMjAwMC9zdmciPjwvc3ZnPg==\" style=\"--smush-placeholder-width: 1024px; --smush-placeholder-aspect-ratio: 1024\/768;\" \/><\/figure>\n","protected":false},"excerpt":{"rendered":"<p>La investigaci\u00f3n se inicia en&nbsp; el mes de Diciembre&nbsp; a finales del a\u00f1o 2019, a ra\u00edz de&nbsp; un informe policial, Dando cuenta&nbsp; que un masculino de nombre EDUARDO PATICIO LYNCH, oriundo de la localidad de Capit\u00e1n Sarmiento se estar\u00eda dedicando a la comercializaci\u00f3n de estupefacientes y ser\u00eda uno de los m\u00e1s grandes proveedores de la [&hellip;]<\/p>\n","protected":false},"author":4,"featured_media":82112,"comment_status":"open","ping_status":"closed","sticky":false,"template":"","format":"standard","meta":{"om_disable_all_campaigns":false,"_jetpack_memberships_contains_paid_content":false,"footnotes":""},"categories":[50,621],"tags":[640,1324,784,681],"class_list":["post-82110","post","type-post","status-publish","format-standard","has-post-thumbnail","hentry","category-destacadas","category-regionales","tag-arrecifes","tag-capitan-sarmiento","tag-perez-millan","tag-regionales"],"aioseo_notices":[],"gutentor_comment":0,"jetpack_featured_media_url":"https:\/\/eldiariodesanpedro.com.ar\/sitio\/wp-content\/uploads\/2020\/10\/WhatsApp-Image-2020-10-12-at-22.30.37-1.jpeg","jetpack_shortlink":"https:\/\/wp.me\/p6RhLt-lmm","jetpack_sharing_enabled":true,"_links":{"self":[{"href":"https:\/\/eldiariodesanpedro.com.ar\/sitio\/wp-json\/wp\/v2\/posts\/82110","targetHints":{"allow":["GET"]}}],"collection":[{"href":"https:\/\/eldiariodesanpedro.com.ar\/sitio\/wp-json\/wp\/v2\/posts"}],"about":[{"href":"https:\/\/eldiariodesanpedro.com.ar\/sitio\/wp-json\/wp\/v2\/types\/post"}],"author":[{"embeddable":true,"href":"https:\/\/eldiariodesanpedro.com.ar\/sitio\/wp-json\/wp\/v2\/users\/4"}],"replies":[{"embeddable":true,"href":"https:\/\/eldiariodesanpedro.com.ar\/sitio\/wp-json\/wp\/v2\/comments?post=82110"}],"version-history":[{"count":1,"href":"https:\/\/eldiariodesanpedro.com.ar\/sitio\/wp-json\/wp\/v2\/posts\/82110\/revisions"}],"predecessor-version":[{"id":82117,"href":"https:\/\/eldiariodesanpedro.com.ar\/sitio\/wp-json\/wp\/v2\/posts\/82110\/revisions\/82117"}],"wp:featuredmedia":[{"embeddable":true,"href":"https:\/\/eldiariodesanpedro.com.ar\/sitio\/wp-json\/wp\/v2\/media\/82112"}],"wp:attachment":[{"href":"https:\/\/eldiariodesanpedro.com.ar\/sitio\/wp-json\/wp\/v2\/media?parent=82110"}],"wp:term":[{"taxonomy":"category","embeddable":true,"href":"https:\/\/eldiariodesanpedro.com.ar\/sitio\/wp-json\/wp\/v2\/categories?post=82110"},{"taxonomy":"post_tag","embeddable":true,"href":"https:\/\/eldiariodesanpedro.com.ar\/sitio\/wp-json\/wp\/v2\/tags?post=82110"}],"curies":[{"name":"wp","href":"https:\/\/api.w.org\/{rel}","templated":true}]}}